{"id":634915,"date":"2026-01-01T20:51:12","date_gmt":"2026-01-01T20:51:12","guid":{"rendered":"https:\/\/www.europesays.com\/fr\/634915\/"},"modified":"2026-01-01T20:51:12","modified_gmt":"2026-01-01T20:51:12","slug":"ce-changement-passe-inapercu-pourrait-retarder-le-virement-de-millions-de-francais-voici-les-dates-annoncees","status":"publish","type":"post","link":"https:\/\/www.europesays.com\/fr\/634915\/","title":{"rendered":"ce changement pass\u00e9 inaper\u00e7u pourrait retarder le virement de millions de Fran\u00e7ais, voici les dates annonc\u00e9es"},"content":{"rendered":"<p>Retraite janvier 2026 : pourquoi la date de versement<br \/>\nbouge<\/p>\n<p>Chaque d\u00e9but de mois, 17,2 millions de retrait\u00e9s scrutent leur<br \/>\nrelev\u00e9 bancaire. Pour nombre de foyers, c\u00a0\u00bbest la seule ressource<br \/>\nqui r\u00e8gle loyer et factures. Ce virement s&rsquo;est mu\u00e9 en rituel, une<br \/>\nhorloge budg\u00e9taire qui rassure. Quand il bouge d&rsquo;une journ\u00e9e,<br \/>\nl&rsquo;\u00e9quilibre vacille, parfois brutalement. Il finance loyer,<br \/>\ncourses, cr\u00e9dits et factures courantes, sans marge d&rsquo;erreur.<\/p>\n<p>Un d\u00e9tail de calendrier va troubler ce rendez-vous : le 1er<br \/>\njanvier est f\u00e9ri\u00e9. Les caisses n&rsquo;\u00e9mettent pas de virements les<br \/>\nweek-ends ni les <strong>jours f\u00e9ri\u00e9s<\/strong>. R\u00e9sultat, certaines<br \/>\n<strong>date de versement<\/strong> glissent au jour ouvr\u00e9 suivant,<br \/>\nparfois avec latence. La vraie question est simple : quand l&rsquo;argent<br \/>\nsera\u2011t\u2011il visible sur le compte ? Un changement discret, mais<br \/>\nsensible pour le portefeuille.<\/p>\n<p>Calendrier de paiement : les dates annonc\u00e9es en janvier<br \/>\n2026<\/p>\n<p>Le premier changement touche la <strong>Agirc-Arrco<\/strong>, la<br \/>\ncompl\u00e9mentaire de pr\u00e8s de 14 millions. Habituellement pay\u00e9e le<br \/>\npremier jour ouvr\u00e9, elle passera du 1er au <strong>2 janvier<br \/>\n2026<\/strong>. M\u00eame bascule pour la <strong>Carsat<br \/>\nAlsace-Moselle<\/strong>, qui r\u00e8gle la base en d\u00e9but de mois. Le 1er<br \/>\ntombant un jeudi ch\u00f4m\u00e9, l&rsquo;ordre de paiement sera dat\u00e9 du vendredi.<br \/>\nUn basculement dict\u00e9 par le calendrier bancaire.<\/p>\n<p>Pour la base du r\u00e9gime g\u00e9n\u00e9ral, <strong>CNAV<\/strong> et Carsat<br \/>\nhors Alsace\u2011Moselle paieront le <strong>9 janvier 2026<\/strong>. La<br \/>\n<strong>MSA<\/strong> s&rsquo;aligne sur cette \u00e9ch\u00e9ance du vendredi 9.<br \/>\nC\u00f4t\u00e9 fonction publique, la <strong>CNRACL<\/strong> versera le<br \/>\nmercredi <strong>28 janvier 2026<\/strong>. Les pensions de l&rsquo;\u00c9tat,<br \/>\nvia le <strong>Service des Retraites de l&rsquo;\u00c9tat<\/strong>, suivront<br \/>\nle jeudi <strong>29 janvier 2026<\/strong>. Ces dates sont celles<br \/>\nannonc\u00e9es pour le d\u00e9but d&rsquo;ann\u00e9e par les r\u00e9gimes concern\u00e9s.<\/p>\n<p>Virement \u00e9mis vs argent cr\u00e9dit\u00e9 : le d\u00e9lai bancaire \u00e0<br \/>\npr\u00e9voir<\/p>\n<p>Attention au d\u00e9calage entre ordre de virement et argent visible<br \/>\nsur le compte. La date annonc\u00e9e correspond \u00e0 l&rsquo;\u00e9mission, pas au<br \/>\ncr\u00e9dit effectif. Un <strong>d\u00e9lai bancaire<\/strong> courant de un \u00e0<br \/>\ndeux jours ouvr\u00e9s s&rsquo;applique. Un ordre dat\u00e9 du vendredi 2 janvier<br \/>\n2026 peut donc n&rsquo;appara\u00eetre qu&rsquo;au d\u00e9but de semaine suivante. Selon<br \/>\nles banques, cette latence peut parfois s&rsquo;\u00e9tirer d&rsquo;une journ\u00e9e<br \/>\nsuppl\u00e9mentaire.<\/p>\n<p>Rep\u00e8re utile : le virement du 9 janvier 2026 paie le mois de<br \/>\nd\u00e9cembre 2025. Les changements du 1er janvier ne modifient pas ce<br \/>\nversement du r\u00e9gime g\u00e9n\u00e9ral. L&rsquo;important, pour la tr\u00e9sorerie, reste<br \/>\nla date d&rsquo;affichage sur le compte. Et cette visibilit\u00e9 d\u00e9pend aussi<br \/>\ndu calendrier propre \u00e0 votre banque. Mieux vaut donc raisonner en<br \/>\nfen\u00eatre de quelques jours plut\u00f4t qu&rsquo;en date stricte.<\/p>\n<p>Que faire si votre retraite de janvier<br \/>\n2026 n\u2019appara\u00eet pas le jour pr\u00e9vu ?<\/p>\n<p>Commencez par v\u00e9rifier la date de votre caisse et ajoutez 1 \u00e0 2<br \/>\njours ouvr\u00e9s. Tant qu&rsquo;on reste dans cette fen\u00eatre, ce n&rsquo;est pas un<br \/>\nretard. Si rien n&rsquo;appara\u00eet pass\u00e9 ce d\u00e9lai, appelez d&rsquo;abord votre<br \/>\nbanque. En l&rsquo;absence de trace, contactez ensuite votre caisse de<br \/>\nretraite avec num\u00e9ro, RIB et date pr\u00e9vue. Patientez un jour ouvr\u00e9<br \/>\nde plus si l&rsquo;ordre a \u00e9t\u00e9 \u00e9mis un vendredi.<\/p>\n<p>Un simple jour de report peut peser quand un loyer ou un cr\u00e9dit<br \/>\npart t\u00f4t. Des pr\u00e9l\u00e8vements automatiques peuvent passer avant le<br \/>\ncr\u00e9dit, surtout apr\u00e8s les f\u00eates. Certains retrait\u00e9s l&rsquo;ont d\u00e9j\u00e0<br \/>\nv\u00e9cu, entre factures, d\u00e9couvert autoris\u00e9 et aide familiale. D&rsquo;o\u00f9<br \/>\nl&rsquo;int\u00e9r\u00eat, en janvier, de caler ses d\u00e9penses sur un calendrier<br \/>\najust\u00e9. Objectif : \u00e9viter un d\u00e9couvert et des frais bancaires<br \/>\ninutiles.<\/p>\n","protected":false},"excerpt":{"rendered":"Retraite janvier 2026 : pourquoi la date de versement bouge Chaque d\u00e9but de mois, 17,2 millions de retrait\u00e9s&hellip;\n","protected":false},"author":2,"featured_media":634916,"comment_status":"","ping_status":"","sticky":false,"template":"","format":"standard","meta":{"footnotes":""},"categories":[6],"tags":[930,5734,36458,35,17488,6560,13799,1805,33,34,1011,3844,27,67006,25104,151,4657,5242,2864,57191,137,30555,6013],"class_list":{"0":"post-634915","1":"post","2":"type-post","3":"status-publish","4":"format-standard","5":"has-post-thumbnail","7":"category-economie","8":"tag-le","9":"tag-5734","10":"tag-annoncees","11":"tag-business","12":"tag-ce","13":"tag-changement","14":"tag-dates","15":"tag-de","16":"tag-economie","17":"tag-economy","18":"tag-fr","19":"tag-francais","20":"tag-france","21":"tag-inapercu","22":"tag-janvier","23":"tag-les","24":"tag-millions","25":"tag-passe","26":"tag-pourrait","27":"tag-retarder","28":"tag-retraite","29":"tag-virement","30":"tag-voici"},"share_on_mastodon":{"url":"https:\/\/pubeurope.com\/@fr\/115821824247029540","error":""},"_links":{"self":[{"href":"https:\/\/www.europesays.com\/fr\/wp-json\/wp\/v2\/posts\/634915","targetHints":{"allow":["GET"]}}],"collection":[{"href":"https:\/\/www.europesays.com\/fr\/wp-json\/wp\/v2\/posts"}],"about":[{"href":"https:\/\/www.europesays.com\/fr\/wp-json\/wp\/v2\/types\/post"}],"author":[{"embeddable":true,"href":"https:\/\/www.europesays.com\/fr\/wp-json\/wp\/v2\/users\/2"}],"replies":[{"embeddable":true,"href":"https:\/\/www.europesays.com\/fr\/wp-json\/wp\/v2\/comments?post=634915"}],"version-history":[{"count":0,"href":"https:\/\/www.europesays.com\/fr\/wp-json\/wp\/v2\/posts\/634915\/revisions"}],"wp:featuredmedia":[{"embeddable":true,"href":"https:\/\/www.europesays.com\/fr\/wp-json\/wp\/v2\/media\/634916"}],"wp:attachment":[{"href":"https:\/\/www.europesays.com\/fr\/wp-json\/wp\/v2\/media?parent=634915"}],"wp:term":[{"taxonomy":"category","embeddable":true,"href":"https:\/\/www.europesays.com\/fr\/wp-json\/wp\/v2\/categories?post=634915"},{"taxonomy":"post_tag","embeddable":true,"href":"https:\/\/www.europesays.com\/fr\/wp-json\/wp\/v2\/tags?post=634915"}],"curies":[{"name":"wp","href":"https:\/\/api.w.org\/{rel}","templated":true}]}}