{"id":634921,"date":"2026-01-01T20:54:15","date_gmt":"2026-01-01T20:54:15","guid":{"rendered":"https:\/\/www.europesays.com\/fr\/634921\/"},"modified":"2026-01-01T20:54:15","modified_gmt":"2026-01-01T20:54:15","slug":"les-magistrats-ayant-condamne-marine-le-pen-dans-le-viseur-de-ladministration-trump","status":"publish","type":"post","link":"https:\/\/www.europesays.com\/fr\/634921\/","title":{"rendered":"Les magistrats ayant condamn\u00e9 Marine Le\u00a0Pen dans le viseur de l\u2019administration Trump"},"content":{"rendered":"<p>Extr\u00eames droites de tous pays, unies contre la justice et l\u2019\u00c9tat de droit.\u00a0En soutien aux partis conservateurs et nationalistes, Donald Trump\u00a0veut \u00e9tendre\u00a0au-del\u00e0 de ses fronti\u00e8res\u00a0ses m\u00e9thodes brutales et arbitraires. Des pr\u00e9misses d\u2019une internationale\u00a0fasciste\u00a0mat\u00e9rialis\u00e9es\u00a0par des sanctions individuelles que distribue le pr\u00e9sident am\u00e9ricain.<\/p>\n<p>Selon les informations de l\u2019hebdomadaire\u00a0allemand Der Spiegel dans un article du 30\u00a0d\u00e9cembre, non d\u00e9menties par le d\u00e9partement d\u2019\u00c9tat \u00e9tats-unien, l\u2019administration Trump\u00a0veut multiplier les interdictions de visas envers diverses personnalit\u00e9s&#8230;<\/p>\n","protected":false},"excerpt":{"rendered":"Extr\u00eames droites de tous pays, unies contre la justice et l\u2019\u00c9tat de droit.\u00a0En soutien aux partis conservateurs et&hellip;\n","protected":false},"author":2,"featured_media":634922,"comment_status":"","ping_status":"","sticky":false,"template":"","format":"standard","meta":{"footnotes":""},"categories":[2],"tags":[11,1011,27,12],"class_list":{"0":"post-634921","1":"post","2":"type-post","3":"status-publish","4":"format-standard","5":"has-post-thumbnail","7":"category-actualites","8":"tag-actualites","9":"tag-fr","10":"tag-france","11":"tag-news"},"share_on_mastodon":{"url":"https:\/\/pubeurope.com\/@fr\/115821836042581882","error":""},"_links":{"self":[{"href":"https:\/\/www.europesays.com\/fr\/wp-json\/wp\/v2\/posts\/634921","targetHints":{"allow":["GET"]}}],"collection":[{"href":"https:\/\/www.europesays.com\/fr\/wp-json\/wp\/v2\/posts"}],"about":[{"href":"https:\/\/www.europesays.com\/fr\/wp-json\/wp\/v2\/types\/post"}],"author":[{"embeddable":true,"href":"https:\/\/www.europesays.com\/fr\/wp-json\/wp\/v2\/users\/2"}],"replies":[{"embeddable":true,"href":"https:\/\/www.europesays.com\/fr\/wp-json\/wp\/v2\/comments?post=634921"}],"version-history":[{"count":0,"href":"https:\/\/www.europesays.com\/fr\/wp-json\/wp\/v2\/posts\/634921\/revisions"}],"wp:featuredmedia":[{"embeddable":true,"href":"https:\/\/www.europesays.com\/fr\/wp-json\/wp\/v2\/media\/634922"}],"wp:attachment":[{"href":"https:\/\/www.europesays.com\/fr\/wp-json\/wp\/v2\/media?parent=634921"}],"wp:term":[{"taxonomy":"category","embeddable":true,"href":"https:\/\/www.europesays.com\/fr\/wp-json\/wp\/v2\/categories?post=634921"},{"taxonomy":"post_tag","embeddable":true,"href":"https:\/\/www.europesays.com\/fr\/wp-json\/wp\/v2\/tags?post=634921"}],"curies":[{"name":"wp","href":"https:\/\/api.w.org\/{rel}","templated":true}]}}