{"id":634926,"date":"2026-01-01T20:57:52","date_gmt":"2026-01-01T20:57:52","guid":{"rendered":"https:\/\/www.europesays.com\/fr\/634926\/"},"modified":"2026-01-01T20:57:52","modified_gmt":"2026-01-01T20:57:52","slug":"vers-un-debut-dannee-record-a-pulnoy","status":"publish","type":"post","link":"https:\/\/www.europesays.com\/fr\/634926\/","title":{"rendered":"vers un d\u00e9but d\u2019ann\u00e9e \u00ab\u00a0record\u00a0\u00bb \u00e0 Pulnoy"},"content":{"rendered":"<p>  La Foul\u00e9e des Rois <br \/>Samedi, \u00e0 Pulnoy (\u00e0 partir de 17h30)<\/p>\n<p>Pour peu qu\u2019il se soit surpris \u00e0 danser sur les tables le soir du R\u00e9veillon (et on sait que les coureurs ne sont pas les derniers dans ce genre d\u2019exercice), il n\u2019en fallait pas moins pour r\u00e9cup\u00e9rer\u00a0! Mais le \u00ab\u00a0runner\u00a0\u00bb lorrain est vigoureux (ou audacieux). En t\u00e9moignent les derniers \u00ab\u00a0chiffres\u00a0\u00bb de La Foul\u00e9e des Rois, saisis lors de la cl\u00f4ture des inscriptions en ligne le 31\u00a0d\u00e9cembre, \u00e0 minuit\u00a0! \u00ab\u00a0Nous en \u00e9tions d\u00e9j\u00e0 \u00e0 plus de 600 engagements (Ndlr. Toutes \u00e9preuves confondues). Ce qui est d\u00e9j\u00e0 une belle performance\u2026 aussi pr\u00e8s des c\u00e9l\u00e9brations du Nouvel An. Nous retrouvons clairement les affluences de nos meilleures ann\u00e9es (Ndlr. Le record de 610 participants a d\u2019ailleurs toutes les chances de tomber samedi soir)\u00a0\u00bb, se r\u00e9jouit Dominique Feuiltaine, p\u00e8re fondateur d\u2019une manifestation qui f\u00eatera ce week-end son \u00ab\u00a0quart de si\u00e8cle\u00a0\u00bb. Sans son \u00e9preuve de marche (annul\u00e9e cette ann\u00e9e pour des raisons techniques), mais toujours avec le m\u00eame esprit de convivialit\u00e9 et de solidarit\u00e9 puisque, cette fois encore, l\u2019int\u00e9gralit\u00e9 de la recette sera revers\u00e9e \u00e0 l\u2019association France Alzheimer 54 (*).<\/p>\n<p>Ce contenu est bloqu\u00e9 car vous n&rsquo;avez pas accept\u00e9 les cookies et autres traceurs.<\/p>\n<p>En cliquant sur \u00ab J\u2019accepte \u00bb, les cookies et autres traceurs seront d\u00e9pos\u00e9s et vous pourrez visualiser les contenus  (<a href=\"\" class=\"consentModule_policy\" target=\"_blank\" title=\"Consulter la politique de protection des donn\u00e9es du fournisseur\">plus d&rsquo;informations<\/a>).<\/p>\n<p>En cliquant sur \u00ab J\u2019accepte tous les cookies \u00bb, vous autorisez des d\u00e9p\u00f4ts de cookies et autres traceurs pour le stockage de vos donn\u00e9es sur nos sites et applications \u00e0 des fins de personnalisation et de ciblage publicitaire.<\/p>\n<p class=\"consentModule_secondaryText\">Vous gardez la possibilit\u00e9 de retirer votre consentement \u00e0 tout moment en consultant notre <a href=\"https:\/\/www.estrepublicain.fr\/protection-des-donnees\" target=\"_blank\" title=\"Consulter notre politique de protection des donn\u00e9es\" rel=\"noopener\">politique de protection des donn\u00e9es<\/a>. <br \/>&#13;<br \/>\n            <a href=\"https:\/\/www.estrepublicain.fr\/sport\/2026\/01\/01\/javascript:Didomi.notice.show()\" class=\"consentModule_cmp\" target=\"_blank\" rel=\"noopener\">G\u00e9rer mes choix<\/a>&#13;\n        <\/p>\n<p>&#13;<br \/>\n                        J&rsquo;accepte&#13;<br \/>\n            J&rsquo;accepte tous les cookies&#13;\n        <\/p>\n","protected":false},"excerpt":{"rendered":"La Foul\u00e9e des Rois Samedi, \u00e0 Pulnoy (\u00e0 partir de 17h30) Pour peu qu\u2019il se soit surpris \u00e0&hellip;\n","protected":false},"author":2,"featured_media":634927,"comment_status":"","ping_status":"","sticky":false,"template":"","format":"standard","meta":{"footnotes":""},"categories":[9635],"tags":[1111,11,4132,44431,1704,11361,1777,674,107,1701,1795,1011,27,775,10634,11362,1702,12,10422,16781,25,517,1700,11703,14984],"class_list":{"0":"post-634926","1":"post","2":"type-post","3":"status-publish","4":"format-standard","5":"has-post-thumbnail","7":"category-nancy","8":"tag-actu","9":"tag-actualites","10":"tag-athletisme","11":"tag-bouxieres-aux-chenes","12":"tag-edition-nancy-et-agglomeration","13":"tag-essey-les-nancy","14":"tag-eu","15":"tag-europe","16":"tag-fil-info","17":"tag-fil-info-sport","18":"tag-fil-web","19":"tag-fr","20":"tag-france","21":"tag-grand-est","22":"tag-luneville","23":"tag-metropole-du-grand-nancy-54b3","24":"tag-nancy","25":"tag-news","26":"tag-pont-a-mousson","27":"tag-pulnoy","28":"tag-republique-francaise","29":"tag-sport","30":"tag-sport-lorrain","31":"tag-tomblaine","32":"tag-toul"},"share_on_mastodon":{"url":"https:\/\/pubeurope.com\/@fr\/115821851639540456","error":""},"_links":{"self":[{"href":"https:\/\/www.europesays.com\/fr\/wp-json\/wp\/v2\/posts\/634926","targetHints":{"allow":["GET"]}}],"collection":[{"href":"https:\/\/www.europesays.com\/fr\/wp-json\/wp\/v2\/posts"}],"about":[{"href":"https:\/\/www.europesays.com\/fr\/wp-json\/wp\/v2\/types\/post"}],"author":[{"embeddable":true,"href":"https:\/\/www.europesays.com\/fr\/wp-json\/wp\/v2\/users\/2"}],"replies":[{"embeddable":true,"href":"https:\/\/www.europesays.com\/fr\/wp-json\/wp\/v2\/comments?post=634926"}],"version-history":[{"count":0,"href":"https:\/\/www.europesays.com\/fr\/wp-json\/wp\/v2\/posts\/634926\/revisions"}],"wp:featuredmedia":[{"embeddable":true,"href":"https:\/\/www.europesays.com\/fr\/wp-json\/wp\/v2\/media\/634927"}],"wp:attachment":[{"href":"https:\/\/www.europesays.com\/fr\/wp-json\/wp\/v2\/media?parent=634926"}],"wp:term":[{"taxonomy":"category","embeddable":true,"href":"https:\/\/www.europesays.com\/fr\/wp-json\/wp\/v2\/categories?post=634926"},{"taxonomy":"post_tag","embeddable":true,"href":"https:\/\/www.europesays.com\/fr\/wp-json\/wp\/v2\/tags?post=634926"}],"curies":[{"name":"wp","href":"https:\/\/api.w.org\/{rel}","templated":true}]}}