{"id":634928,"date":"2026-01-01T20:59:11","date_gmt":"2026-01-01T20:59:11","guid":{"rendered":"https:\/\/www.europesays.com\/fr\/634928\/"},"modified":"2026-01-01T20:59:11","modified_gmt":"2026-01-01T20:59:11","slug":"pronostic-amiens-sc-nancy-ligue-2","status":"publish","type":"post","link":"https:\/\/www.europesays.com\/fr\/634928\/","title":{"rendered":"Pronostic Amiens SC Nancy &#8211; Ligue 2"},"content":{"rendered":"<p class=\"text-xs leading-5 text-gray-400 mb-2\">\n                        Publi\u00e9 le 01\/01\/2026 13:00<br \/>\n                        \u00a0par<br \/>\n                                                            <a href=\"https:\/\/www.sportytrader.com\/auteur\/steeven-occhipinti-1\/\" target=\"_blank\" rel=\"noopener\">Steeven Occhipinti<\/a><\/p>\n<p>                                                                                                            dans<br \/>\n                                <a data-trans=\"tips.published.competition %competition%\" href=\"https:\/\/www.sportytrader.com\/pronostics\/football\/france\/ligue-2-124\/\" target=\"_blank\" rel=\"noopener\"><br \/>\n                                    Pronostic Ligue 2<br \/>\n                                <\/a><\/p>\n<p style=\"text-align: justify;\">La 18e journ\u00e9e de la Ligue 2 nous offre un duel d\u00e9j\u00e0 important dans la course au maintien. Ce samedi \u00e0 20h00, l&rsquo;Amiens SC va d\u00e9fier l&rsquo;AS Nancy-Lorraine au Stade de la Licorne. Apr\u00e8s une s\u00e9rie de 5 revers de suite en championnat, le club ami\u00e9nois a su retrouver de la confiance durant la fin de l&rsquo;ann\u00e9e 2025. En plus de s&rsquo;\u00eatre qualifi\u00e9 pour les 16es de finale de la Coupe de France, en faisant tombant le Havre AC pensionnaire de Ligue 1 (0-2), il a renou\u00e9 avec la victoire en championnat, sur la pelouse du Pau FC (1-2). L&rsquo;\u00e9quipe entra\u00een\u00e9e par Omar Daf est \u00e0 la 14e place de la Ligue 2, avec 2 longueurs d&rsquo;avance sur la zone rouge.<\/p>\n<p style=\"text-align: justify;\">L&rsquo;AS Nancy-Lorraine compte le m\u00eame nombre de points que son prochain adversaire, mais se trouve juste derri\u00e8re au classement, \u00e0 la 15e position. Lui aussi est parvenu \u00e0 composter son ticket pour les 16es de finale de la Coupe de France. S&rsquo;il reste sur une victoire en Ligue 2 contre le Clermont Foot (1-0), le club nanc\u00e9ien rencontre quelques difficult\u00e9s loin de ses bases. Les hommes de Pablo Correa se sont inclin\u00e9s lors de leurs 4 pr\u00e9c\u00e9dents d\u00e9placements en championnat. Il ne sera pas simple de renouer avec la victoire au Stade de la Licorne ce samedi soir&#8230;<\/p>\n","protected":false},"excerpt":{"rendered":"Publi\u00e9 le 01\/01\/2026 13:00 \u00a0par Steeven Occhipinti dans Pronostic Ligue 2 La 18e journ\u00e9e de la Ligue 2&hellip;\n","protected":false},"author":2,"featured_media":634929,"comment_status":"","ping_status":"","sticky":false,"template":"","format":"standard","meta":{"footnotes":""},"categories":[9635],"tags":[1111,11,40798,1777,674,1011,27,775,446,1702,12,1817,1821,25],"class_list":{"0":"post-634928","1":"post","2":"type-post","3":"status-publish","4":"format-standard","5":"has-post-thumbnail","7":"category-nancy","8":"tag-actu","9":"tag-actualites","10":"tag-amiens-sc","11":"tag-eu","12":"tag-europe","13":"tag-fr","14":"tag-france","15":"tag-grand-est","16":"tag-ligue-2","17":"tag-nancy","18":"tag-news","19":"tag-pronostic","20":"tag-pronostics","21":"tag-republique-francaise"},"share_on_mastodon":{"url":"https:\/\/pubeurope.com\/@fr\/115821855583323829","error":""},"_links":{"self":[{"href":"https:\/\/www.europesays.com\/fr\/wp-json\/wp\/v2\/posts\/634928","targetHints":{"allow":["GET"]}}],"collection":[{"href":"https:\/\/www.europesays.com\/fr\/wp-json\/wp\/v2\/posts"}],"about":[{"href":"https:\/\/www.europesays.com\/fr\/wp-json\/wp\/v2\/types\/post"}],"author":[{"embeddable":true,"href":"https:\/\/www.europesays.com\/fr\/wp-json\/wp\/v2\/users\/2"}],"replies":[{"embeddable":true,"href":"https:\/\/www.europesays.com\/fr\/wp-json\/wp\/v2\/comments?post=634928"}],"version-history":[{"count":0,"href":"https:\/\/www.europesays.com\/fr\/wp-json\/wp\/v2\/posts\/634928\/revisions"}],"wp:featuredmedia":[{"embeddable":true,"href":"https:\/\/www.europesays.com\/fr\/wp-json\/wp\/v2\/media\/634929"}],"wp:attachment":[{"href":"https:\/\/www.europesays.com\/fr\/wp-json\/wp\/v2\/media?parent=634928"}],"wp:term":[{"taxonomy":"category","embeddable":true,"href":"https:\/\/www.europesays.com\/fr\/wp-json\/wp\/v2\/categories?post=634928"},{"taxonomy":"post_tag","embeddable":true,"href":"https:\/\/www.europesays.com\/fr\/wp-json\/wp\/v2\/tags?post=634928"}],"curies":[{"name":"wp","href":"https:\/\/api.w.org\/{rel}","templated":true}]}}