{"id":634931,"date":"2026-01-01T21:02:09","date_gmt":"2026-01-01T21:02:09","guid":{"rendered":"https:\/\/www.europesays.com\/fr\/634931\/"},"modified":"2026-01-01T21:02:09","modified_gmt":"2026-01-01T21:02:09","slug":"la-magie-viennoise-du-concert-des-rois-au-kiasma","status":"publish","type":"post","link":"https:\/\/www.europesays.com\/fr\/634931\/","title":{"rendered":"la magie viennoise du Concert des Rois au Kiasma"},"content":{"rendered":"<p>                    Par<br \/>\n        <strong><br \/>\n            <a href=\"https:\/\/actu.fr\/auteur\/manon-haddouche\" title=\"Consulter tous les articles de Manon Haddouche\" target=\"_blank\" rel=\"noopener\">Manon Haddouche<\/a><br \/>\n                    <\/strong><\/p>\n<p>        Publi\u00e9 le<\/p>\n<p>            1 janv. 2026 \u00e0 20h42        <\/p>\n<p>Le dimanche 4 janvier, \u00e0 18h, le <strong>Kiasma de Castelnau-le-Lez<\/strong> accueillera le <strong>Concert des Rois<\/strong>, une soir\u00e9e musicale d\u00e9di\u00e9e \u00e0 l\u2019<strong>\u00e9l\u00e9gance viennoise<\/strong>, port\u00e9e par l\u2019Ensemble Vocal Allegre\u2019Thau et le Ch\u0153ur Universitaire Montpellier M\u00e9diterran\u00e9e. De quoi <strong>commencer l\u2019ann\u00e9e en musique et en beaut\u00e9<\/strong>.<\/p>\n<p>Un esprit d\u2019harmonie et de paix<\/p>\n<p class=\" wall-content\">Le Concert des Rois c\u00e9l\u00e8bre la musique viennoise bien au-del\u00e0 du c\u00e9l\u00e8bre Beau Danube Bleu. \u00c0 travers ce <strong>r\u00e9pertoire festif et raffin\u00e9<\/strong>, les artistes invitent le public \u00e0 un voyage empreint de beaut\u00e9, d\u2019espoir et d\u2019amour pour la nouvelle ann\u00e9e. Dans un monde en qu\u00eate de rep\u00e8res, la musique demeure<strong> l\u2019un des plus doux rem\u00e8des<\/strong>. Choristes, solistes, pianiste et chef unissent leurs talents pour partager cette lumi\u00e8re musicale avec le public, dans un esprit d\u2019harmonie et de paix.\u00a0<\/p>\n<p>    <a href=\"https:\/\/www.google.com\/maps\/embed?pb=!1m18!1m12!1m3!1d5775.518457516538!2d3.897773975739761!3d43.632369971103046!2m3!1f0!2f0!3f0!3m2!1i1024!2i768!4f13.1!3m3!1m2!1s0x12b6af5c6aa56803%3A0xca9f482f106c1d02!2sEspace%20le%20Kiasma%20-%20Castelnau!5e0!3m2!1sfr!2sfr!4v1767016025535!5m2!1sfr!2sfr\" title=\"Ouvrie le lien\" target=\"_blank\" rel=\"noopener\">Cliquez ici pour visualiser le contenu<\/a><\/p>\n<p><strong>&gt; Pratique :<\/strong> Concert des Rois, le dimanche 4 janvier, au Kiasma, \u00e0 Castelnau-le-Lez. Tarifs : moins de 12 ans, 8\u20ac \/ 12-25 ans et b\u00e9n\u00e9ficiaire RSA ou ASPA, 10\u20ac. Tarif r\u00e9duit : 16\u20ac (demandeurs d\u2019emploi, \u00e9tudiants, groupes de plus de dix personnes, CE sous convention, PMR et accompagnants). Plein tarif 19\u20ac. Billetterie en ligne <a href=\"http:\/\/www.castelnau-le-lez.fr\" target=\"_blank\" rel=\"noopener\">sur le site internet de la ville<\/a>. \u00a0<\/p>\n<p class=\" wall-content\">Personnalisez votre actualit\u00e9 en ajoutant vos villes et m\u00e9dias en favori avec <a href=\"https:\/\/moncompte.actu.fr\" title=\"D\u00e9couvez Mon Actu\" rel=\"nofollow noopener\" data-trk=\"{&quot;cta&quot;:{&quot;action&quot;:&quot;https:\\\/\\\/moncompte.actu.fr&quot;,&quot;category&quot;:&quot;mon compte&quot;,&quot;from&quot;:&quot;article footer&quot;,&quot;name&quot;:&quot;Mon actu&quot;,&quot;type&quot;:&quot;cta&quot;}}\" target=\"_blank\">Mon Actu<\/a>.<\/p>\n","protected":false},"excerpt":{"rendered":"Par Manon Haddouche Publi\u00e9 le 1 janv. 2026 \u00e0 20h42 Le dimanche 4 janvier, \u00e0 18h, le Kiasma&hellip;\n","protected":false},"author":2,"featured_media":634932,"comment_status":"","ping_status":"","sticky":false,"template":"","format":"standard","meta":{"footnotes":""},"categories":[9599],"tags":[1111,11,1697,1777,674,1011,27,1652,2208,12,2680,25],"class_list":{"0":"post-634931","1":"post","2":"type-post","3":"status-publish","4":"format-standard","5":"has-post-thumbnail","7":"category-montpellier","8":"tag-actu","9":"tag-actualites","10":"tag-concert","11":"tag-eu","12":"tag-europe","13":"tag-fr","14":"tag-france","15":"tag-loisirs-culture","16":"tag-montpellier","17":"tag-news","18":"tag-occitanie","19":"tag-republique-francaise"},"share_on_mastodon":{"url":"https:\/\/pubeurope.com\/@fr\/115821867354105559","error":""},"_links":{"self":[{"href":"https:\/\/www.europesays.com\/fr\/wp-json\/wp\/v2\/posts\/634931","targetHints":{"allow":["GET"]}}],"collection":[{"href":"https:\/\/www.europesays.com\/fr\/wp-json\/wp\/v2\/posts"}],"about":[{"href":"https:\/\/www.europesays.com\/fr\/wp-json\/wp\/v2\/types\/post"}],"author":[{"embeddable":true,"href":"https:\/\/www.europesays.com\/fr\/wp-json\/wp\/v2\/users\/2"}],"replies":[{"embeddable":true,"href":"https:\/\/www.europesays.com\/fr\/wp-json\/wp\/v2\/comments?post=634931"}],"version-history":[{"count":0,"href":"https:\/\/www.europesays.com\/fr\/wp-json\/wp\/v2\/posts\/634931\/revisions"}],"wp:featuredmedia":[{"embeddable":true,"href":"https:\/\/www.europesays.com\/fr\/wp-json\/wp\/v2\/media\/634932"}],"wp:attachment":[{"href":"https:\/\/www.europesays.com\/fr\/wp-json\/wp\/v2\/media?parent=634931"}],"wp:term":[{"taxonomy":"category","embeddable":true,"href":"https:\/\/www.europesays.com\/fr\/wp-json\/wp\/v2\/categories?post=634931"},{"taxonomy":"post_tag","embeddable":true,"href":"https:\/\/www.europesays.com\/fr\/wp-json\/wp\/v2\/tags?post=634931"}],"curies":[{"name":"wp","href":"https:\/\/api.w.org\/{rel}","templated":true}]}}