{"id":634940,"date":"2026-01-01T21:14:22","date_gmt":"2026-01-01T21:14:22","guid":{"rendered":"https:\/\/www.europesays.com\/fr\/634940\/"},"modified":"2026-01-01T21:14:22","modified_gmt":"2026-01-01T21:14:22","slug":"strasbourg-a-perdu-un-grand-rappeur","status":"publish","type":"post","link":"https:\/\/www.europesays.com\/fr\/634940\/","title":{"rendered":"Strasbourg a perdu un grand rappeur"},"content":{"rendered":"<p>\u00ab\u00a0J\u2019ouvre l\u2019armoire des anciens jours, de l\u00e0 o\u00f9 j\u2019ai pouss\u00e9 hier \/ J\u2019vois mon p\u2019tit costume de Strasbourg, que j\u2019d\u00e9poussi\u00e8re.\u00a0\u00bb En 2022, Dooz Kawa, Franck de son vrai nom, <a href=\"https:\/\/www.youtube.com\/watch?v=OFJOZgcux4Y\" target=\"_blank\" rel=\"noreferrer noopener\">sortait le titre \u00ab\u00a0Strasbourg\u00a0\u00bb<\/a>. Il y revenait sur ses d\u00e9buts dans le rap, adolescent des ann\u00e9es 90 \u00e0 Strasbourg. Lundi 29 d\u00e9cembre, son label Modulor Music a annonc\u00e9 son d\u00e9c\u00e8s. L\u2019artiste \u00e9tait \u00e2g\u00e9 d\u2019une quarantaine d\u2019ann\u00e9es. Il laisse derri\u00e8re lui une multitude de projets musicaux, six albums, et une empreinte forte sur la sc\u00e8ne hip-hop strasbourgeoise.<\/p>\n<p><a href=\"https:\/\/www.rue89strasbourg.com\/user\/offrez-rue89-strasbourg\" target=\"_blank\" rel=\" noreferrer noopener\"><img loading=\"lazy\" decoding=\"async\" width=\"1940\" height=\"500\" src=\"https:\/\/www.europesays.com\/fr\/wp-content\/uploads\/2025\/11\/banner-970x250px-promo-v2-.png\" alt=\"\" class=\"wp-image-367072\" style=\"object-fit:cover;width:970px;height:250px\"  \/><\/a><\/p>\n<p>\u00ab\u00a0Dans aucune case, dans aucun clan\u00a0\u00bb <\/p>\n<p>Fils d\u2019un p\u00e8re militaire et d\u2019une m\u00e8re d\u2019origine tch\u00e9coslovaque, Dooz Kawa a 16 ans quand il compose ses premiers textes. Il d\u00e9barque alors d\u2019Allemagne pour s\u2019installer dans le quartier de la cit\u00e9 Amp\u00e8re, l\u2019un des plus pauvres de Strasbourg, proche du Port du Rhin, et vit aux c\u00f4t\u00e9s de la communaut\u00e9 Tzigane.<\/p>\n<p>Avec le rappeur strasbourgeois Raid\u00a0N, ils forment le groupe T-Ka\u00ef Cee. Ils \u00e9cument leurs premi\u00e8res sc\u00e8nes et comme le rappeur l\u2019affirme dans le titre \u00ab\u00a0Strasbourg\u00a0\u00bb\u00a0: \u00ab\u00a0Quand on cr\u00e9\u00e9 le T-Ka\u00ef Cee, on devient r\u00e9f\u00e9rence locale\u00ab\u00a0. Dans les ann\u00e9es 2000, le groupe sort un \u00ab\u00a0street album\u00a0\u00bb, qui tourne alors \u00ab\u00a0de main en main\u00ab\u00a0, relate l\u2019artiste DJQ.<\/p>\n<p>Dans un \u00ab\u00a0petit milieu o\u00f9\u00a0tous les rappeurs et les DJ de la ville se connaissaient, c\u2019\u00e9tait compliqu\u00e9 pour Dooz Kawa au d\u00e9but. Il avait une \u00e9criture tellement particuli\u00e8re, un style tr\u00e8s lin\u00e9aire\u00a0: dans la sc\u00e8ne locale il \u00e9tait \u00e0 part\u00ab\u00a0, se souvient Junior, artiste strasbourgeois. \u00ab\u00a0Il m\u2019a charm\u00e9 par son personnage, poursuit-il, car ici, il ne rentrait dans aucune case, dans aucun clan.\u00a0\u00bb<\/p>\n<p>Dans son titre \u00ab\u00a0Strasbourg\u00a0\u00bb, il dit\u00a0:<\/p>\n<blockquote class=\"wp-block-quote is-layout-flow wp-block-quote-is-layout-flow\">\n<p>\u00ab\u00a0J\u2019suis de l\u2019\u00e9poque turntablist (l\u2019art de mixer avec des vinyles, NDLR) et tous mes potos font des rimes<br \/>Pourtant aucun rappeur d\u2019ici n\u2019m\u2019a invit\u00e9 en featuring\u00a0\u00bb<\/p>\n<\/blockquote>\n<p>Pour le rappeur Kadaz, Dooz Kawa avait toujours un c\u00f4t\u00e9 \u00ab\u00a0\u00e0 part\u00ab\u00a0. Il raconte les \u00ab\u00a0premiers battles de rap, dans le caveau du Caf\u00e9 des anges. C\u2019\u00e9tait que de l\u2019impro, c\u2019\u00e9tait l\u2019esprit du truc. Et Dooz Kawa \u00e9tait le seul d\u2019entre nous \u00e0 ramener ses textes. On \u00e9tait jeunes et cons, \u00e7a nous a valu un clash.\u00a0\u00bb<\/p>\n<p>\t\tAlbum solo et influences jazz<\/p>\n<p>Dooz Kawa sort son premier album solo, \u00ab\u00a0\u00c9toiles du sol\u00a0\u00bb, en 2010. L\u2019artiste qui, selon Kadaz, \u00ab\u00a0ne rappait pas comme les autres\u00ab\u00a0, se distingue alors par la musicalit\u00e9 de ses titres, empreinte d\u2019influences des musiques de l\u2019Est et du jazz manouche. Il collabore notamment avec Mandino Reinhardt, fils du jazzman Django Reinhardt et trouve \u00e0 Strasbourg \u00ab\u00a0un public tr\u00e8s r\u00e9ceptif, un\u00a0accueil hyper bon\u00ab\u00a0, se souvient Ena Eno musicien, producteur et ami de Dooz Kawa. <\/p>\n<p>Le rappeur quitte Strasbourg au d\u00e9but des ann\u00e9es 2010. \u00ab\u00a0Bad boy de Marseille, Strasbourg, Gen\u00e8ve et Toulouse\u00ab\u00a0, comme il l\u2019\u00e9voque dans son titre <a href=\"https:\/\/www.youtube.com\/watch?v=3QW7s8svaKo\" target=\"_blank\" rel=\"noopener\">\u00ab\u00a0Animals\u00a0\u00bb<\/a>, Dooz Kawa s\u2019installe ailleurs, revient souvent dans la ville de son adolescence, parcourt concerts et r\u00e9sidences. \u00ab\u00a0On ne comprenait jamais trop o\u00f9 il \u00e9tait, on le voyait tous les jours pendant deux mois, puis il disparaissait pendant les quatre d\u2019apr\u00e8s\u00a0\u00bb, raconte Tribuman, trompettiste strasbourgeois et l\u2019un de ses amis.<\/p>\n<p>\u00ab\u00a0J\u2019aime bien quitter Strasbourg pour mieux la retrouver. J\u2019aime bien \u00eatre ailleurs pour mieux y revenir (\u2026). Je ne veux pas lui laisser la chance de devenir un endroit ennuyeux et banal\u00a0\u00bb, confiait Dooz Kawa dans une <a href=\"https:\/\/pokaa.fr\/2018\/05\/06\/jai-passe-une-soiree-avec-dooz-kawa-un-des-meilleurs-rappeurs-strasbourgeois\/\" target=\"_blank\" rel=\"noreferrer noopener\">interview pour Pokaa <\/a>en 2020.<\/p>\n<p>Ena Eno raconte leur premi\u00e8re programmation au Molodo\u00ef, de retour \u00e0 Strasbourg en 2014. \u00ab\u00a0Les gens attendaient jusqu\u2019\u00e0 l\u2019arr\u00eat de tram 200 m\u00e8tres plus loin, c\u2019\u00e9tait dingue. Le public de Strasbourg \u00e9tait l\u00e0 parce qu\u2019ici il se faisait rare.\u00a0\u00bb<\/p>\n<p>\u00ab\u00a0Il \u00e9crivait mieux que tout le monde\u00a0\u00bb <\/p>\n<p>Il rencontre un succ\u00e8s national, notamment avec son titre <a href=\"https:\/\/www.youtube.com\/watch?v=ldNX3rwlZTo\" target=\"_blank\" rel=\"noopener\">\u00ab\u00a0Me faire la belle\u00a0\u00bb<\/a>, sorti en 2016. Ses concerts  strasbourgeois affichent toujours complet, le rappeur se produit \u00e0 La Laiterie, au Molodo\u00ef, au NL Contest. \u00ab\u00a0C\u2019\u00e9tait l\u2019exemple du rappeur inattaquable sur sa plume, constate le musicien Tribuman. \u00c0 Strasbourg il \u00e9tait devenu un exemple. Il \u00e9crivait mieux que tout le monde.\u00a0\u00bb<\/p>\n<p>Dans son titre \u00ab\u00a0<a href=\"https:\/\/www.youtube.com\/watch?v=pBeZMocSL_w\" target=\"_blank\" rel=\"noopener\">Ode \u00e0 l\u2019\u00c9tat<\/a>\u00ab\u00a0, le rappeur \u00e9crit : <\/p>\n<blockquote class=\"wp-block-quote is-layout-flow wp-block-quote-is-layout-flow\">\n<p>\u00ab\u00a0Je vous conc\u00e8de la v\u00e9rit\u00e9 du proc\u00e9d\u00e9, plus on poss\u00e8de plus on est poss\u00e9d\u00e9,<br \/>Et les politiques d\u00e9truisent tous ceux qui pourraient s\u2019aider\u00a0\u00bb<\/p>\n<\/blockquote>\n<p>Dans ses multiples titres, il affirme un rap singulier, des paroles graves, nourries de r\u00e9f\u00e9rences \u00e0 son histoire. \u00ab\u00a0Son \u00e9criture \u00e9tait trop sombre \u00e0 mon go\u00fbt, vraiment technique, tr\u00e8s recherch\u00e9, d\u00e9crit DJQ. C\u2019\u00e9tait un artiste tortur\u00e9, qui r\u00e9fl\u00e9chissait, lisait beaucoup. Il traitait les sujets en profondeur, fid\u00e8les \u00e0 ses valeurs.\u00a0\u00bb<\/p>\n<p>\u00ab\u00a0Le hip hop de la r\u00e9gion\u00a0\u00bb<\/p>\n<p>\u00ab\u00a0Dooz Kawa c\u2019est l\u2019histoire du rap \u00e0 Strasbourg, c\u2019est un mec de chez nous, assure le rappeur Kadaz. Qu\u2019on aime ou qu\u2019on n\u2019aime pas, Strasbourg a perdu un grand rappeur.\u00a0\u00bb Pour le rappeur Dah\u00a0Connectah, \u00ab\u00a0sa musique transpire le hip hop de la r\u00e9gion, une mani\u00e8re tr\u00e8s strasbourgeoise de rapper, une teinte particuli\u00e8re, difficile \u00e0 d\u00e9crire\u00a0\u00bb.<\/p>\n<p>Artiste \u00ab\u00a0bizarro\u00efde\u00a0\u00bb pour Kadaz, \u00ab\u00a0personnage atypique\u00a0\u00bb pour Dah Connectah, ceux qui l\u2019ont connu s\u2019accordent pour dire qu\u2019il avait \u00ab\u00a0un grain bien \u00e0 lui\u00ab\u00a0. \u00ab\u00a0Il avait un c\u00f4t\u00e9 d\u00e9cal\u00e9, une autre vision de la musique, d\u00e9crit Ena Eno. Il n\u2019y a que lui qui pouvait ramener des mandolinistes classiques, s\u2019inspirer des Balkans, et foutre le feu sur sc\u00e8ne.\u00a0\u00bb<\/p>\n<blockquote class=\"wp-block-quote is-layout-flow wp-block-quote-is-layout-flow\">\n<p>\u00ab\u00a0Au moment de quitter l\u2019enfance, j\u2019avais d\u00e9j\u00e0 compris d\u2019avance,<br \/>Que la solitude d\u00e9butait et depuis ne m\u2019a plus quitt\u00e9\u00a0\u00bb<\/p>\n<\/blockquote>\n<p>\u00ab\u00a0Il \u00e9tait tr\u00e8s seul, d\u00e9crit le DJ Junior. Mais il n\u2019a jamais arr\u00eat\u00e9 de croire qu\u2019il pouvait toucher les gens avec sa musique\u00a0\u00bb. Il marque le public strasbourgeois par \u00ab\u00a0la noirceur de ses textes\u00a0\u00bb, \u00ab\u00a0ses valeurs\u00a0\u00bb et sa \u00ab\u00a0technique\u00a0\u00bb. \u00ab\u00a0Il est rest\u00e9 proche du rap \u00e0 l\u2019ancienne, rapporte Tribuman. Il \u00e9tait tr\u00e8s curieux de la musique, savait utiliser des mots que les autres ne connaissaient pas. Il avait sa po\u00e9sie.\u00a0\u00bb<\/p>\n","protected":false},"excerpt":{"rendered":"\u00ab\u00a0J\u2019ouvre l\u2019armoire des anciens jours, de l\u00e0 o\u00f9 j\u2019ai pouss\u00e9 hier \/ J\u2019vois mon p\u2019tit costume de Strasbourg,&hellip;\n","protected":false},"author":2,"featured_media":634941,"comment_status":"","ping_status":"","sticky":false,"template":"","format":"standard","meta":{"footnotes":""},"categories":[2820],"tags":[1111,11,2937,251,1777,674,1011,27,775,12,25,640],"class_list":{"0":"post-634940","1":"post","2":"type-post","3":"status-publish","4":"format-standard","5":"has-post-thumbnail","7":"category-strasbourg","8":"tag-actu","9":"tag-actualites","10":"tag-artistes","11":"tag-culture","12":"tag-eu","13":"tag-europe","14":"tag-fr","15":"tag-france","16":"tag-grand-est","17":"tag-news","18":"tag-republique-francaise","19":"tag-strasbourg"},"share_on_mastodon":{"url":"https:\/\/pubeurope.com\/@fr\/115821914646743145","error":""},"_links":{"self":[{"href":"https:\/\/www.europesays.com\/fr\/wp-json\/wp\/v2\/posts\/634940","targetHints":{"allow":["GET"]}}],"collection":[{"href":"https:\/\/www.europesays.com\/fr\/wp-json\/wp\/v2\/posts"}],"about":[{"href":"https:\/\/www.europesays.com\/fr\/wp-json\/wp\/v2\/types\/post"}],"author":[{"embeddable":true,"href":"https:\/\/www.europesays.com\/fr\/wp-json\/wp\/v2\/users\/2"}],"replies":[{"embeddable":true,"href":"https:\/\/www.europesays.com\/fr\/wp-json\/wp\/v2\/comments?post=634940"}],"version-history":[{"count":0,"href":"https:\/\/www.europesays.com\/fr\/wp-json\/wp\/v2\/posts\/634940\/revisions"}],"wp:featuredmedia":[{"embeddable":true,"href":"https:\/\/www.europesays.com\/fr\/wp-json\/wp\/v2\/media\/634941"}],"wp:attachment":[{"href":"https:\/\/www.europesays.com\/fr\/wp-json\/wp\/v2\/media?parent=634940"}],"wp:term":[{"taxonomy":"category","embeddable":true,"href":"https:\/\/www.europesays.com\/fr\/wp-json\/wp\/v2\/categories?post=634940"},{"taxonomy":"post_tag","embeddable":true,"href":"https:\/\/www.europesays.com\/fr\/wp-json\/wp\/v2\/tags?post=634940"}],"curies":[{"name":"wp","href":"https:\/\/api.w.org\/{rel}","templated":true}]}}