{"id":634948,"date":"2026-01-01T21:19:24","date_gmt":"2026-01-01T21:19:24","guid":{"rendered":"https:\/\/www.europesays.com\/fr\/634948\/"},"modified":"2026-01-01T21:19:24","modified_gmt":"2026-01-01T21:19:24","slug":"gouiri-et-traore-vont-enfin-rejouer-contre-nantes","status":"publish","type":"post","link":"https:\/\/www.europesays.com\/fr\/634948\/","title":{"rendered":"Gouiri et Traor\u00e9 vont enfin rejouer contre Nantes"},"content":{"rendered":"<p><b>Bless\u00e9s de longue date et absents durant presque toute la premi\u00e8re partie de saison, Hamed Junior Traor\u00e9 et Amine Gouiri vont enfin retrouver le chemin des terrains dimanche apr\u00e8s-midi contre Nantes.<\/b><\/p>\n<p>L\u2019Olympique de Marseille n\u2019a pour l\u2019instant recrut\u00e9 aucun joueur sur ce mercato hivernal et pourtant, <a href=\"https:\/\/www.foot01.com\/marseille\/om-gouiri-reste-marseille-refuse-25-me\" target=\"_self\" rel=\"noopener\">Roberto De Zerbi peut compter sur deux renforts de poids<\/a> en ce d\u00e9but d\u2019ann\u00e9e 2026. L\u2019entra\u00eeneur olympien peut jubiler, Amine Gouiri et Hamed Junior Traor\u00e9 sont enfin de retour. L\u2019attaquant alg\u00e9rien et le milieu offensif ivoirien ont repris l\u2019entra\u00eenement avec le groupe avant la tr\u00eave hivernale et en ce d\u00e9but d\u2019ann\u00e9e 2026, aucun p\u00e9pin n\u2019est \u00e0 signaler les concernant selon L\u2019Equipe.<\/p>\n<p>Le quotidien national apporte une autre bonne nouvelle : les deux joueurs sont pressentis pour jouer contre Nantes ce dimanche \u00e0 15 heures au V\u00e9lodrome. Pr\u00e9serv\u00e9s pour le d\u00e9placement \u00e0 Bourg-en-Bresse en 32e de finale de Coupe de France avant No\u00ebl, ils devraient cette fois figurer dans le groupe pour la r\u00e9ception des Canaris. Une excellente nouvelle pour l\u2019entra\u00eeneur marseillais, qui compte sur Amine Gouiri pour faire souffler Pierre-Emerick Aubameyang ainsi que sur Hamed Traor\u00e9 pour installer une certaine concurrence face \u00e0 Mason Greenwood et Igor Paixao, qui ont encha\u00een\u00e9 \u00e9norm\u00e9ment de matchs ces derni\u00e8res semaines.<\/p>\n<p><img decoding=\"async\" class=\"w-6 h-6\" src=\"https:\/\/www.europesays.com\/fr\/wp-content\/uploads\/2026\/01\/301.png\" alt=\"\"\/>Ligue 104 janvier 2026 \u00e0 15:00<\/p>\n","protected":false},"excerpt":{"rendered":"Bless\u00e9s de longue date et absents durant presque toute la premi\u00e8re partie de saison, Hamed Junior Traor\u00e9 et&hellip;\n","protected":false},"author":2,"featured_media":634949,"comment_status":"","ping_status":"","sticky":false,"template":"","format":"standard","meta":{"footnotes":""},"categories":[2818],"tags":[1111,11,1777,674,462,1011,27,66,766,12,149,2636,25],"class_list":{"0":"post-634948","1":"post","2":"type-post","3":"status-publish","4":"format-standard","5":"has-post-thumbnail","7":"category-nantes","8":"tag-actu","9":"tag-actualites","10":"tag-eu","11":"tag-europe","12":"tag-fc-nantes","13":"tag-fr","14":"tag-france","15":"tag-ligue-1","16":"tag-nantes","17":"tag-news","18":"tag-om","19":"tag-pays-de-la-loire","20":"tag-republique-francaise"},"share_on_mastodon":{"url":"https:\/\/pubeurope.com\/@fr\/115821934290779712","error":""},"_links":{"self":[{"href":"https:\/\/www.europesays.com\/fr\/wp-json\/wp\/v2\/posts\/634948","targetHints":{"allow":["GET"]}}],"collection":[{"href":"https:\/\/www.europesays.com\/fr\/wp-json\/wp\/v2\/posts"}],"about":[{"href":"https:\/\/www.europesays.com\/fr\/wp-json\/wp\/v2\/types\/post"}],"author":[{"embeddable":true,"href":"https:\/\/www.europesays.com\/fr\/wp-json\/wp\/v2\/users\/2"}],"replies":[{"embeddable":true,"href":"https:\/\/www.europesays.com\/fr\/wp-json\/wp\/v2\/comments?post=634948"}],"version-history":[{"count":0,"href":"https:\/\/www.europesays.com\/fr\/wp-json\/wp\/v2\/posts\/634948\/revisions"}],"wp:featuredmedia":[{"embeddable":true,"href":"https:\/\/www.europesays.com\/fr\/wp-json\/wp\/v2\/media\/634949"}],"wp:attachment":[{"href":"https:\/\/www.europesays.com\/fr\/wp-json\/wp\/v2\/media?parent=634948"}],"wp:term":[{"taxonomy":"category","embeddable":true,"href":"https:\/\/www.europesays.com\/fr\/wp-json\/wp\/v2\/categories?post=634948"},{"taxonomy":"post_tag","embeddable":true,"href":"https:\/\/www.europesays.com\/fr\/wp-json\/wp\/v2\/tags?post=634948"}],"curies":[{"name":"wp","href":"https:\/\/api.w.org\/{rel}","templated":true}]}}