{"id":634956,"date":"2026-01-01T21:23:13","date_gmt":"2026-01-01T21:23:13","guid":{"rendered":"https:\/\/www.europesays.com\/fr\/634956\/"},"modified":"2026-01-01T21:23:13","modified_gmt":"2026-01-01T21:23:13","slug":"a-moins-de-2h-de-toulouse-ce-village-medieval-pose-sur-leau-est-lun-des-plus-remarquables-de-france","status":"publish","type":"post","link":"https:\/\/www.europesays.com\/fr\/634956\/","title":{"rendered":"\u00c0 moins de 2h de Toulouse, ce village m\u00e9di\u00e9val pos\u00e9 sur l\u2019eau est l\u2019un des plus remarquables de France"},"content":{"rendered":"<p><strong>\u00c0 quelques encablures de la Ville rose, un lieu d\u2019exception t\u2019attend. B\u00e2ti entre terre et eau, ce bourg historique a su traverser les si\u00e8cles en pr\u00e9servant son patrimoine architectural remarquable. Depuis des d\u00e9cennies, il attire les visiteurs en qu\u00eate d\u2019authenticit\u00e9 et d\u2019histoire m\u00e9di\u00e9vale. Je t\u2019emm\u00e8ne d\u00e9couvrir ce tr\u00e9sor occitan qui m\u00e9rite absolument le d\u00e9tour.<\/strong><\/p>\n<p>Un patrimoine m\u00e9di\u00e9val exceptionnel aux portes du Lauragais<\/p>\n<p>Quand je pense aux villages m\u00e9di\u00e9vaux qui jalonnent le sud de la France, je me dis toujours que certains m\u00e9ritent vraiment qu\u2019on s\u2019y arr\u00eate. Ce bourg du Tarn se d\u00e9marque par son implantation singuli\u00e8re, partiellement construite sur pilotis au-dessus du cours d\u2019eau. Cette configuration unique remonte au Moyen \u00c2ge, \u00e9poque o\u00f9 les moines b\u00e9n\u00e9dictins ont fa\u00e7onn\u00e9 l\u2019architecture locale. Tu y d\u00e9couvriras des maisons \u00e0 colombages, des galeries suspendues et des passages couverts qui t\u00e9moignent du savoir-faire m\u00e9di\u00e9val.<\/p>\n<p>L\u2019abbaye-\u00e9cole qui domine le village constitue un t\u00e9moignage architectural majeur. Fond\u00e9e au VIIIe si\u00e8cle, elle a connu son apog\u00e9e au XVIIe si\u00e8cle en devenant l\u2019une des institutions \u00e9ducatives les plus r\u00e9put\u00e9es du royaume. Je trouve int\u00e9ressant de d\u00e9ambuler dans ses ruelles pav\u00e9es o\u00f9 chaque pierre raconte une histoire. Les fa\u00e7ades restaur\u00e9es avec soin t\u00e9moignent du respect des habitants pour leur patrimoine. D\u2019ailleurs, <a href=\"https:\/\/www.newsofmarseille.com\/tresor-cache-decouvrir-midi-pyrenees-heure-toulouse-0075042024.html\" target=\"_blank\" rel=\"noopener\">un tr\u00e9sor cach\u00e9 \u00e0 d\u00e9couvrir en Midi-Pyr\u00e9n\u00e9es<\/a> te permettra d\u2019enrichir ton circuit dans la r\u00e9gion.<\/p>\n<p>Le village s\u2019\u00e9tend harmonieusement entre ses berges et ses hauteurs. Les constructions m\u00e9di\u00e9vales s\u2019organisent autour de l\u2019ancienne abbaye, cr\u00e9ant un ensemble coh\u00e9rent qui a travers\u00e9 les si\u00e8cles. Tu pourras admirer le clocher octogonal qui surplombe les toitures et offre un panorama exceptionnel sur la Montagne Noire. Cette position strat\u00e9gique explique l\u2019importance historique du lieu, carrefour entre Toulouse et Carcassonne.<\/p>\n<p>Une promenade entre eau et pierres anciennes<\/p>\n<p>Je te conseille vivement de commencer ta visite par les rives. Le canal qui longe le bourg offre une perspective unique sur les maisons suspendues. Ces habitations construites sur pieux de bois plongent litt\u00e9ralement dans l\u2019eau, cr\u00e9ant un spectacle architectural rare. Tu comprendras pourquoi ce syst\u00e8me ing\u00e9nieux permettait autrefois aux artisans d\u2019exercer leur m\u00e9tier en utilisant la force hydraulique. Les tanneurs, les tisserands et les meuniers ont fa\u00e7onn\u00e9 l\u2019\u00e9conomie locale pendant des si\u00e8cles.<\/p>\n<p>En te promenant le long des berges, tu d\u00e9couvriras des passages secrets et des escaliers d\u00e9rob\u00e9s. Ces am\u00e9nagements t\u00e9moignent de la vie quotidienne m\u00e9di\u00e9vale et des contraintes li\u00e9es \u00e0 la topographie particuli\u00e8re. Je trouve \u00e9mouvant de poser mes pas sur ces chemins emprunt\u00e9s par des g\u00e9n\u00e9rations d\u2019habitants. Le contraste entre la pierre blonde des fa\u00e7ades et le vert de la v\u00e9g\u00e9tation riveraine cr\u00e9e une atmosph\u00e8re apaisante. L\u2019eau qui coule sous les habitations ajoute une dimension po\u00e9tique \u00e0 l\u2019ensemble.<\/p>\n<p>Le patrimoine architectural ne se limite pas aux maisons sur pilotis. Tu pourras \u00e9galement analyser l\u2019ancienne halle, les vestiges des fortifications et les jardins en terrasse. Chaque recoin r\u00e9v\u00e8le un d\u00e9tail architectural qui m\u00e9rite ton attention. Si tu appr\u00e9cies les villages perch\u00e9s, <a href=\"https:\/\/www.newsofmarseille.com\/ils-suivaient-panneau-curiosite-ont-decouvert-village-medieval-suspendu-au-dessus-vignes-00166892025.html\" target=\"_blank\" rel=\"noopener\">ce village m\u00e9di\u00e9val suspendu au-dessus des vignes<\/a> pourrait aussi te captiver lors d\u2019une autre escapade.<\/p>\n<p>Une destination accessible depuis Toulouse<\/p>\n<p>La proximit\u00e9 avec la m\u00e9tropole r\u00e9gionale apporte une valeur ajout\u00e9e importante. En moins de deux heures de route, tu pourras rejoindre ce havre de paix loin de l\u2019agitation urbaine. L\u2019itin\u00e9raire traverse des paysages vallonn\u00e9s du Lauragais, offrant des panoramas bucoliques sur la campagne occitane. Je recommande de partir t\u00f4t le matin pour profiter pleinement de ta journ\u00e9e sur place. Le trajet en lui-m\u00eame vaut le d\u00e9placement, avec ses champs de tournesols et ses petits hameaux traditionnels.<\/p>\n<p>Une fois sur place, tu trouveras plusieurs parkings gratuits en p\u00e9riph\u00e9rie du centre historique. Le village se visite facilement \u00e0 pied en deux ou trois heures. Je te sugg\u00e8re n\u00e9anmoins de pr\u00e9voir une demi-journ\u00e9e pour vraiment t\u2019impr\u00e9gner de l\u2019atmosph\u00e8re des lieux. Des panneaux explicatifs jalonnent le parcours et t\u2019aident \u00e0 comprendre l\u2019histoire locale. Les commerces et restaurants du bourg proposent des sp\u00e9cialit\u00e9s r\u00e9gionales qui m\u00e9ritent une pause gourmande.<\/p>\n<p>L\u2019authenticit\u00e9 du lieu contraste avec d\u2019autres sites touristiques plus format\u00e9s. Ici, pas de pi\u00e8ge \u00e0 touristes ni de boutiques standardis\u00e9es. Tu d\u00e9couvriras un village vivant o\u00f9 les habitants perp\u00e9tuent les traditions locales. Cette authenticit\u00e9 s\u00e9duira les voyageurs en qu\u00eate d\u2019exp\u00e9riences authentiques. Comme <a href=\"https:\/\/www.newsofmarseille.com\/joyau-medieval-hautes-alpes-figure-parmi-plus-beaux-villages-france-00115752025.html\" target=\"_blank\" rel=\"noopener\">ce joyau m\u00e9di\u00e9val des Hautes-Alpes<\/a>, ce lieu pr\u00e9serve son caract\u00e8re remarquable.<\/p>\n<p>Sor\u00e8ze, joyau m\u00e9di\u00e9val du Tarn<\/p>\n<p>Tu l\u2019auras compris, je te parle de Sor\u00e8ze. Ce village du Tarn m\u00e9rite amplement sa r\u00e9putation de destination incontournable dans le sud de la France. Son classement parmi les sites remarquables du patrimoine fran\u00e7ais t\u00e9moigne de sa valeur historique et architecturale. Sor\u00e8ze incarne parfaitement l\u2019harmonie entre l\u2019homme et son environnement, entre le pass\u00e9 et le pr\u00e9sent. Sa singularit\u00e9 architecturale avec ses maisons sur l\u2019eau en fait une curiosit\u00e9 rare dans l\u2019Hexagone.<\/p>\n<p>\ud83d\udc47 Vous voulez en savoir plus? D\u00e9couvrez cette vid\u00e9o \ud83d\udc47<\/p>\n<p>L\u2019abbaye-\u00e9cole de Sor\u00e8ze, aujourd\u2019hui transform\u00e9e en espace culturel, accueille r\u00e9guli\u00e8rement des expositions et des manifestations. Tu pourras visiter le mus\u00e9e Dom Robert qui abrite une collection exceptionnelle de tapisseries contemporaines. Cette dimension culturelle enrichit l\u2019exp\u00e9rience de visite et ravira les amateurs d\u2019art. Je t\u2019encourage \u00e0 consulter la programmation avant ta venue pour ne rien manquer des \u00e9v\u00e9nements organis\u00e9s.<\/p>\n<p>Alors, pr\u00eat \u00e0 d\u00e9couvrir Sor\u00e8ze lors d\u2019un prochain weekend\u00a0? N\u2019h\u00e9site pas \u00e0 partager en commentaire tes impressions si tu as d\u00e9j\u00e0 visit\u00e9 ce village exceptionnel. Ton avis m\u2019int\u00e9resse et pourra aider d\u2019autres voyageurs \u00e0 pr\u00e9parer leur escapade dans cette perle du Tarn.<\/p>\n<p><img loading=\"lazy\" decoding=\"async\" width=\"150\" height=\"150\" src=\"data:image\/svg+xml,%3Csvg%20xmlns=\" http:=\"\" class=\"attachment-150x150 size-150x150\" alt=\"\" itemprop=\"image\" data-lazy- data-lazy- data-lazy-src=\"https:\/\/www.europesays.com\/fr\/wp-content\/uploads\/2025\/04\/im6-150x150.png\"\/><\/p>\n<p>Salut \u00e0 tous, je suis Eglantine. D\u00e9couvrez mes articles sur le voyage \u00e0 travers mes conseils, astuces et lieux pr\u00e9f\u00e9r\u00e9s en exclusivit\u00e9 sur News Of Marseille.<br \/>R\u00e9dactrice de coeur, je vous guide \u00e0 travers mes \u00e9crits pour vous transmettre mon expertise sur l&rsquo;aventure du voyage. Et \u00e9videmment, allez l&rsquo;OM \ud83d\ude09<\/p>\n<p>Partagez l&rsquo;article ou suivez nous !<\/p>\n<p>\n\tNos images sont \u00e0 but illustratif et peuvent ne pas repr\u00e9senter la r\u00e9alit\u00e9<\/p>\n","protected":false},"excerpt":{"rendered":"\u00c0 quelques encablures de la Ville rose, un lieu d\u2019exception t\u2019attend. B\u00e2ti entre terre et eau, ce bourg&hellip;\n","protected":false},"author":2,"featured_media":634957,"comment_status":"","ping_status":"","sticky":false,"template":"","format":"standard","meta":{"footnotes":""},"categories":[2816],"tags":[1111,11,74278,1777,674,1011,27,12,2680,20217,31473,25,2312],"class_list":{"0":"post-634956","1":"post","2":"type-post","3":"status-publish","4":"format-standard","5":"has-post-thumbnail","7":"category-toulouse","8":"tag-actu","9":"tag-actualites","10":"tag-bourg-historique","11":"tag-eu","12":"tag-europe","13":"tag-fr","14":"tag-france","15":"tag-news","16":"tag-occitanie","17":"tag-patrimoine-architectural-remarquable","18":"tag-patrimoine-medieval","19":"tag-republique-francaise","20":"tag-toulouse"},"share_on_mastodon":{"url":"https:\/\/pubeurope.com\/@fr\/115821949929339205","error":""},"_links":{"self":[{"href":"https:\/\/www.europesays.com\/fr\/wp-json\/wp\/v2\/posts\/634956","targetHints":{"allow":["GET"]}}],"collection":[{"href":"https:\/\/www.europesays.com\/fr\/wp-json\/wp\/v2\/posts"}],"about":[{"href":"https:\/\/www.europesays.com\/fr\/wp-json\/wp\/v2\/types\/post"}],"author":[{"embeddable":true,"href":"https:\/\/www.europesays.com\/fr\/wp-json\/wp\/v2\/users\/2"}],"replies":[{"embeddable":true,"href":"https:\/\/www.europesays.com\/fr\/wp-json\/wp\/v2\/comments?post=634956"}],"version-history":[{"count":0,"href":"https:\/\/www.europesays.com\/fr\/wp-json\/wp\/v2\/posts\/634956\/revisions"}],"wp:featuredmedia":[{"embeddable":true,"href":"https:\/\/www.europesays.com\/fr\/wp-json\/wp\/v2\/media\/634957"}],"wp:attachment":[{"href":"https:\/\/www.europesays.com\/fr\/wp-json\/wp\/v2\/media?parent=634956"}],"wp:term":[{"taxonomy":"category","embeddable":true,"href":"https:\/\/www.europesays.com\/fr\/wp-json\/wp\/v2\/categories?post=634956"},{"taxonomy":"post_tag","embeddable":true,"href":"https:\/\/www.europesays.com\/fr\/wp-json\/wp\/v2\/tags?post=634956"}],"curies":[{"name":"wp","href":"https:\/\/api.w.org\/{rel}","templated":true}]}}