{"id":634958,"date":"2026-01-01T21:26:13","date_gmt":"2026-01-01T21:26:13","guid":{"rendered":"https:\/\/www.europesays.com\/fr\/634958\/"},"modified":"2026-01-01T21:26:13","modified_gmt":"2026-01-01T21:26:13","slug":"deux-femmes-tuees-a-quelques-jours-dintervalle-leurs-compagnons-mis-en-cause","status":"publish","type":"post","link":"https:\/\/www.europesays.com\/fr\/634958\/","title":{"rendered":"deux femmes tu\u00e9es \u00e0 quelques jours d\u2019intervalle, leurs compagnons mis en cause"},"content":{"rendered":"<p>Une jeune femme de 25\u00a0ans a \u00e9t\u00e9 retrouv\u00e9e morte, samedi 27\u00a0d\u00e9cembre 2025 \u00e0 Lille (<a target=\"_self\" href=\"https:\/\/www.lanouvellerepublique.fr\/nord\" rel=\"noopener\">Nord<\/a>). Comme l\u2019a r\u00e9v\u00e9l\u00e9 <a target=\"_blank\" href=\"https:\/\/www.francebleu.fr\/infos\/faits-divers-justice\/une-jeune-femme-de-25-ans-retrouvee-morte-a-lille-son-compagnon-interpelle-2661815\" rel=\"noopener\">ICI Nord<\/a>, c\u2019est le compagnon de la victime qui avait alert\u00e9 les autorit\u00e9s, en d\u00e9but d\u2019apr\u00e8s-midi, assurant avoir tu\u00e9 sa conjointe. Il a \u00e9t\u00e9 appr\u00e9hend\u00e9 sur place par les policiers et a \u00ab\u00a0\u00e9t\u00e9 plac\u00e9 imm\u00e9diatement en garde \u00e0 vue du chef d\u2019homicide par concubin\u00a0\u00bb, a pr\u00e9cis\u00e9 le procureur de la R\u00e9publique adjoint de Lille, Antoine Berthelot.<\/p>\n<p>Une trentenaire tu\u00e9e le jour de No\u00ebl<\/p>\n<p>Le service local de police judiciaire (SLPJ) est charg\u00e9 des investigations. Selon <a target=\"_blank\" href=\"https:\/\/www.lavoixdunord.fr\/1660303\/article\/2025-12-28\/lille-des-riverains-sous-le-choc-apres-la-mort-de-leur-voisine-le-concubin-place\" rel=\"noopener\">La Voix du Nord<\/a>, la jeune femme aurait \u00e9t\u00e9 victime de plusieurs coups de couteau, \u00e0 son domicile. Son compagnon a \u00e9t\u00e9 bri\u00e8vement conduit \u00e0 l\u2019h\u00f4pital pour des examens, indique de son c\u00f4t\u00e9 <a target=\"_blank\" href=\"https:\/\/france3-regions.franceinfo.fr\/hauts-de-france\/nord-0\/lille\/une-jeune-femme-de-25-ans-retrouvee-morte-son-compagnon-aurait-ete-interpelle-apres-avoir-appele-la-police-3272948.html\" rel=\"noopener\">France\u00a03 Hauts-de-France<\/a>.<\/p>\n<p>Ce drame est le deuxi\u00e8me du genre en seulement quelques jours \u00e0 Lille. Le corps sans vie d\u2019une femme de 34\u00a0ans a en effet \u00e9t\u00e9 d\u00e9couvert dans le logement de son compagnon, le jour de No\u00ebl. L\u2019homme de 36\u00a0ans a \u00e9t\u00e9 mis en examen pour \u00ab\u00a0meurtre par conjoint\u00a0\u00bb samedi, tandis qu\u2019un ami \u00e0 lui a \u00e9t\u00e9 mis en examen pour \u00ab\u00a0non-assistance \u00e0 personne en danger\u00a0\u00bb, rappelle <a target=\"_blank\" href=\"https:\/\/www.tf1info.fr\/justice-faits-divers\/lille-une-femme-de-25-ans-retrouvee-morte-son-compagnon-se-denonce-2415218.html\" rel=\"noopener\">TF1 Info<\/a>.<\/p>\n<p>Des chiffres alarmants<\/p>\n<p>Les enqu\u00eateurs auraient relev\u00e9 des traces de violences sur les lieux. La trentenaire pr\u00e9sentait \u00e9galement des h\u00e9matomes et des dents cass\u00e9es, son compagnon ayant quant \u00e0 lui \u00e9t\u00e9 griff\u00e9. Pour l\u2019heure, il nie avoir tu\u00e9 sa compagne.<\/p>\n<p>Au 26\u00a0d\u00e9cembre, <a target=\"_blank\" href=\"https:\/\/www.noustoutes.org\/comprendre-les-chiffres\/#decompte-feminicides\" rel=\"noopener\">le collectif Nous Toutes<\/a> d\u00e9nombrait 161 f\u00e9minicides depuis le d\u00e9but de l\u2019ann\u00e9e 2025. Selon les derni\u00e8res donn\u00e9es de la mission interminist\u00e9rielle pour la protection des femmes (Miprof), publi\u00e9es en novembre, plus de trois femmes sont victimes de f\u00e9minicide ou tentative de f\u00e9minicide conjugal chaque jour en France.<\/p>\n","protected":false},"excerpt":{"rendered":"Une jeune femme de 25\u00a0ans a \u00e9t\u00e9 retrouv\u00e9e morte, samedi 27\u00a0d\u00e9cembre 2025 \u00e0 Lille (Nord). Comme l\u2019a r\u00e9v\u00e9l\u00e9&hellip;\n","protected":false},"author":2,"featured_media":634959,"comment_status":"","ping_status":"","sticky":false,"template":"","format":"standard","meta":{"footnotes":""},"categories":[2815],"tags":[1111,11,1674,1777,674,1011,27,811,1307,12,1308,25,798,797],"class_list":{"0":"post-634958","1":"post","2":"type-post","3":"status-publish","4":"format-standard","5":"has-post-thumbnail","7":"category-lille","8":"tag-actu","9":"tag-actualites","10":"tag-communes","11":"tag-eu","12":"tag-europe","13":"tag-fr","14":"tag-france","15":"tag-hauts-de-france","16":"tag-lille","17":"tag-news","18":"tag-nord","19":"tag-republique-francaise","20":"tag-violences-conjugales","21":"tag-violences-faites-aux-femmes"},"share_on_mastodon":{"url":"https:\/\/pubeurope.com\/@fr\/115821961759497372","error":""},"_links":{"self":[{"href":"https:\/\/www.europesays.com\/fr\/wp-json\/wp\/v2\/posts\/634958","targetHints":{"allow":["GET"]}}],"collection":[{"href":"https:\/\/www.europesays.com\/fr\/wp-json\/wp\/v2\/posts"}],"about":[{"href":"https:\/\/www.europesays.com\/fr\/wp-json\/wp\/v2\/types\/post"}],"author":[{"embeddable":true,"href":"https:\/\/www.europesays.com\/fr\/wp-json\/wp\/v2\/users\/2"}],"replies":[{"embeddable":true,"href":"https:\/\/www.europesays.com\/fr\/wp-json\/wp\/v2\/comments?post=634958"}],"version-history":[{"count":0,"href":"https:\/\/www.europesays.com\/fr\/wp-json\/wp\/v2\/posts\/634958\/revisions"}],"wp:featuredmedia":[{"embeddable":true,"href":"https:\/\/www.europesays.com\/fr\/wp-json\/wp\/v2\/media\/634959"}],"wp:attachment":[{"href":"https:\/\/www.europesays.com\/fr\/wp-json\/wp\/v2\/media?parent=634958"}],"wp:term":[{"taxonomy":"category","embeddable":true,"href":"https:\/\/www.europesays.com\/fr\/wp-json\/wp\/v2\/categories?post=634958"},{"taxonomy":"post_tag","embeddable":true,"href":"https:\/\/www.europesays.com\/fr\/wp-json\/wp\/v2\/tags?post=634958"}],"curies":[{"name":"wp","href":"https:\/\/api.w.org\/{rel}","templated":true}]}}