{"id":634960,"date":"2026-01-01T21:27:23","date_gmt":"2026-01-01T21:27:23","guid":{"rendered":"https:\/\/www.europesays.com\/fr\/634960\/"},"modified":"2026-01-01T21:27:23","modified_gmt":"2026-01-01T21:27:23","slug":"icone-femme-libre-pionniere-de-la-cause-animale-reportage-a-marseille","status":"publish","type":"post","link":"https:\/\/www.europesays.com\/fr\/634960\/","title":{"rendered":"\u00ab\u00a0icone\u00a0\u00bb, \u00ab\u00a0femme libre\u00a0\u00bb, pionni\u00e8re de la \u00ab\u00a0cause animale\u00a0\u00bb&#8230; reportage \u00e0 Marseille"},"content":{"rendered":"<p>En apprenant <a href=\"https:\/\/www.laprovence.com\/article\/culture-loisirs\/1751830876793315\/mort-de-brigitte-bardot-artiste-mythique-et-icone-francaise-a-lage-de-91-ans\" target=\"_blank\" rel=\"noopener\">la mort de Brigitte Bardot<\/a>, Cathy laisse \u00e9chapper quelques larmes. \u00ab\u00a0C\u2019est une grande femme qui nous quitte, pour laquelle j\u2019ai beaucoup d\u2019admiration. Je suis triste, dit simplement cette Parisienne de 63\u00a0ans, venue profiter du soleil de d\u00e9cembre \u00e0 Marseille. Il y a l\u2019immense actrice bien s\u00fbr, mais c\u2019est surtout son combat pour la d\u00e9fense des animaux qui me touche et m\u2019a rapproch\u00e9e d\u2019elle. Elle a eu le courage de mettre fin \u00e0 sa carri\u00e8re pour embrasser cette cause. C\u2019\u00e9tait une pionni\u00e8re et ses actions pour les animaux ont \u00e9t\u00e9 exemplaires et ont inspir\u00e9 des milliers de personnes \u00e0 se mobiliser, pour d\u00e9fendre les animaux \u00e0 ses c\u00f4t\u00e9s.\u00a0\u00bb<\/p>\n<p>\u00ab\u00a0Elle a incarn\u00e9 une sorte de changement d\u2019\u00e9poque\u00a0\u00bb<\/p>\n<p>Un combat \u00ab\u00a0courageux\u00a0\u00bb qui n\u2019efface pas \u00ab\u00a0l\u2019actrice sublime\u00a0\u00bb, les \u00ab\u00a0grands films\u00a0\u00bb comme Le M\u00e9pris ou Et Dieu\u2026 cr\u00e9a la femme qui sont le plus souvent cit\u00e9s par les promeneurs autour du Vieux-Port. \u00ab\u00a0C\u2019est la star absolue, livre Eug\u00e9nie, Marseillaise de 75\u00a0ans. Une beaut\u00e9 \u00e0 l\u2019\u00e9tat pur aussi et elle laisse <a href=\"https:\/\/www.laprovence.com\/article\/culture-loisirs\/1758300368512315\/mort-de-brigitte-bardot-les-5-roles-majeurs-dune-icone-des-annees-1950-60-en-pleine-bardotmania\" target=\"_blank\" rel=\"noopener\">des images de cin\u00e9ma qui resteront dans la m\u00e9moire collective<\/a>. On a tous v\u00e9cu avec elle et elle a incarn\u00e9 une sorte de changement d\u2019\u00e9poque. C\u2019\u00e9tait un sexe symbole mais elle a aussi red\u00e9fini les rel&#8230;<\/p>\n","protected":false},"excerpt":{"rendered":"En apprenant la mort de Brigitte Bardot, Cathy laisse \u00e9chapper quelques larmes. \u00ab\u00a0C\u2019est une grande femme qui nous&hellip;\n","protected":false},"author":2,"featured_media":634961,"comment_status":"","ping_status":"","sticky":false,"template":"","format":"standard","meta":{"footnotes":""},"categories":[2814],"tags":[17,1111,11,57061,38114,1777,674,1294,1011,27,28950,29023,884,18,12,44812,882,16,25],"class_list":{"0":"post-634960","1":"post","2":"type-post","3":"status-publish","4":"format-standard","5":"has-post-thumbnail","7":"category-marseille","8":"tag-17","9":"tag-actu","10":"tag-actualites","11":"tag-bardot","12":"tag-brigitte","13":"tag-eu","14":"tag-europe","15":"tag-femme","16":"tag-fr","17":"tag-france","18":"tag-icone","19":"tag-libre","20":"tag-marseille","21":"tag-mort","22":"tag-news","23":"tag-pionniere","24":"tag-provence-alpes-cote-dazur","25":"tag-region","26":"tag-republique-francaise"},"share_on_mastodon":{"url":"https:\/\/pubeurope.com\/@fr\/115821965703758627","error":""},"_links":{"self":[{"href":"https:\/\/www.europesays.com\/fr\/wp-json\/wp\/v2\/posts\/634960","targetHints":{"allow":["GET"]}}],"collection":[{"href":"https:\/\/www.europesays.com\/fr\/wp-json\/wp\/v2\/posts"}],"about":[{"href":"https:\/\/www.europesays.com\/fr\/wp-json\/wp\/v2\/types\/post"}],"author":[{"embeddable":true,"href":"https:\/\/www.europesays.com\/fr\/wp-json\/wp\/v2\/users\/2"}],"replies":[{"embeddable":true,"href":"https:\/\/www.europesays.com\/fr\/wp-json\/wp\/v2\/comments?post=634960"}],"version-history":[{"count":0,"href":"https:\/\/www.europesays.com\/fr\/wp-json\/wp\/v2\/posts\/634960\/revisions"}],"wp:featuredmedia":[{"embeddable":true,"href":"https:\/\/www.europesays.com\/fr\/wp-json\/wp\/v2\/media\/634961"}],"wp:attachment":[{"href":"https:\/\/www.europesays.com\/fr\/wp-json\/wp\/v2\/media?parent=634960"}],"wp:term":[{"taxonomy":"category","embeddable":true,"href":"https:\/\/www.europesays.com\/fr\/wp-json\/wp\/v2\/categories?post=634960"},{"taxonomy":"post_tag","embeddable":true,"href":"https:\/\/www.europesays.com\/fr\/wp-json\/wp\/v2\/tags?post=634960"}],"curies":[{"name":"wp","href":"https:\/\/api.w.org\/{rel}","templated":true}]}}