{"id":634964,"date":"2026-01-01T21:29:14","date_gmt":"2026-01-01T21:29:14","guid":{"rendered":"https:\/\/www.europesays.com\/fr\/634964\/"},"modified":"2026-01-01T21:29:14","modified_gmt":"2026-01-01T21:29:14","slug":"a-lyon-aulas-finance-les-lumieres-des-ecologistes","status":"publish","type":"post","link":"https:\/\/www.europesays.com\/fr\/634964\/","title":{"rendered":"A Lyon, Aulas finance les lumi\u00e8res des \u00e9cologistes"},"content":{"rendered":"<p>                            <img loading=\"lazy\" width=\"1200\" height=\"900\" class=\"attachment-article size-article wp-post-image lazyload\" alt=\"\" decoding=\"async\" src=\"https:\/\/www.europesays.com\/fr\/wp-content\/uploads\/2026\/01\/IMG_2415.jpg\" data-eio-rwidth=\"1200\" data-eio-rheight=\"900\"\/><\/p>\n<p>L\u2019\u00e9veil des Lumi\u00e8res, un spectacle de drone magnifique dans le parc de la T\u00eate d\u2019Or. (@Vincent Guiraud)<\/p>\n<p class=\"content\" style=\"font-size:1.2em;font-weight:700\">La magie de la F\u00eate des lumi\u00e8res a encore op\u00e9r\u00e9. Le temps de la 26e \u00e9dition, Jean-Michel Aulas et la Ville de Lyon, dirig\u00e9e par les \u00e9cologistes, ont agi de concorde. <\/p>\n<p>L\u2019ancien patron de l\u2019OL a sponsoris\u00e9 deux \u0153uvres au parc de la T\u00eate-d\u2019Or via la soci\u00e9t\u00e9 ThrillStage, d\u00e9tenue \u00e0 60 % par sa holding familiale Holnest, qui exploite la LDLC Arena. Un m\u00e9c\u00e9nat rendu baroque par la candidature de Jean-Michel Aulas aux \u00e9lections municipales lyonnaises. Il a \u00e9t\u00e9 conclu en juillet dernier, \u00e0 une p\u00e9riode o\u00f9 ses intentions politiques ne faisaient plus gu\u00e8re de doutes. <\/p>\n","protected":false},"excerpt":{"rendered":"L\u2019\u00e9veil des Lumi\u00e8res, un spectacle de drone magnifique dans le parc de la T\u00eate d\u2019Or. (@Vincent Guiraud) La&hellip;\n","protected":false},"author":2,"featured_media":634965,"comment_status":"","ping_status":"","sticky":false,"template":"","format":"standard","meta":{"footnotes":""},"categories":[1889],"tags":[1111,11,2430,1777,674,1011,27,2428,12,25],"class_list":{"0":"post-634964","1":"post","2":"type-post","3":"status-publish","4":"format-standard","5":"has-post-thumbnail","7":"category-lyon","8":"tag-actu","9":"tag-actualites","10":"tag-auvergne-rhone-alpes","11":"tag-eu","12":"tag-europe","13":"tag-fr","14":"tag-france","15":"tag-lyon","16":"tag-news","17":"tag-republique-francaise"},"share_on_mastodon":{"url":"https:\/\/pubeurope.com\/@fr\/115821973636823420","error":""},"_links":{"self":[{"href":"https:\/\/www.europesays.com\/fr\/wp-json\/wp\/v2\/posts\/634964","targetHints":{"allow":["GET"]}}],"collection":[{"href":"https:\/\/www.europesays.com\/fr\/wp-json\/wp\/v2\/posts"}],"about":[{"href":"https:\/\/www.europesays.com\/fr\/wp-json\/wp\/v2\/types\/post"}],"author":[{"embeddable":true,"href":"https:\/\/www.europesays.com\/fr\/wp-json\/wp\/v2\/users\/2"}],"replies":[{"embeddable":true,"href":"https:\/\/www.europesays.com\/fr\/wp-json\/wp\/v2\/comments?post=634964"}],"version-history":[{"count":0,"href":"https:\/\/www.europesays.com\/fr\/wp-json\/wp\/v2\/posts\/634964\/revisions"}],"wp:featuredmedia":[{"embeddable":true,"href":"https:\/\/www.europesays.com\/fr\/wp-json\/wp\/v2\/media\/634965"}],"wp:attachment":[{"href":"https:\/\/www.europesays.com\/fr\/wp-json\/wp\/v2\/media?parent=634964"}],"wp:term":[{"taxonomy":"category","embeddable":true,"href":"https:\/\/www.europesays.com\/fr\/wp-json\/wp\/v2\/categories?post=634964"},{"taxonomy":"post_tag","embeddable":true,"href":"https:\/\/www.europesays.com\/fr\/wp-json\/wp\/v2\/tags?post=634964"}],"curies":[{"name":"wp","href":"https:\/\/api.w.org\/{rel}","templated":true}]}}