{"id":634966,"date":"2026-01-01T21:30:13","date_gmt":"2026-01-01T21:30:13","guid":{"rendered":"https:\/\/www.europesays.com\/fr\/634966\/"},"modified":"2026-01-01T21:30:13","modified_gmt":"2026-01-01T21:30:13","slug":"endrick-fait-une-grosse-victime-loin-de-lyon","status":"publish","type":"post","link":"https:\/\/www.europesays.com\/fr\/634966\/","title":{"rendered":"Endrick fait une grosse victime loin de Lyon"},"content":{"rendered":"<p><b>Pr\u00eat\u00e9 \u00e0 l\u2019OL cet hiver, Endrick entre toujours dans les plans du Real Madrid \u00e0 long terme. Le club merengue souhaite d\u2019ailleurs lib\u00e9rer de la place pour le Br\u00e9silien lorsqu\u2019il sera l\u2019heure pour lui de revenir.<\/b><\/p>\n<p>Les supporters de l\u2019Olympique Lyonnais attendaient \u00e7a avec impatience, leur club a enfin d\u00e9voil\u00e9 les premi\u00e8res images d\u2019Endrick au sein du club rhodanien. L\u2019aventure du Br\u00e9silien en Ligue 1 est bien lanc\u00e9e m\u00eame si l\u2019avant-centre de 19 ans pr\u00eat\u00e9 par le Real Madrid ne sera pas qualifi\u00e9 pour le d\u00e9placement \u00e0 Monaco samedi apr\u00e8s-midi lors de la 17e journ\u00e9e de Ligue 1. Dans la capitale des Gaules, Endrick aura pour mission de bonifier un secteur offensif coh\u00e9rent et \u00e9quilibr\u00e9 mais qui manque d\u2019un v\u00e9ritable tueur devant les buts alors que <a href=\"https:\/\/www.foot01.com\/ol\/ol-martin-satriano-finalement-vendu-a-valence\" target=\"_self\" rel=\"noopener\">Martin Satriano ne fait clairement pas l\u2019affaire<\/a>.Gonzalo Garcia vendu par le Real ?\u00a0<\/p>\n<p>Les prestations de l\u2019ancienne star de Palmeiras \u00e0 l\u2019OL seront observ\u00e9es avec beaucoup d\u2019attention par les dirigeants du Real Madrid ainsi que par le staff de Xabi Alonso, comme le confirme le site Defensa Central. Le m\u00e9dia sp\u00e9cialis\u00e9 explique par ailleurs que le Real Madrid a une r\u00e9elle volont\u00e9 de  s\u2019appuyer sur Endrick \u00e0 long terme et va joindre la parole aux actes pour le prouver. Selon les informations du m\u00e9dia pro-Real, le club pr\u00e9sid\u00e9 par Florentino P\u00e9rez a pris la d\u00e9cision de se s\u00e9parer de Gonzalo Garcia \u00e0 la fin de la saison afin d\u2019offrir plus de temps de jeu \u00e0 Endrick lors de la saison 2026-2027.<\/p>\n<p>Une volont\u00e9 de faire de la place \u00e0 Endrick\u00a0<img decoding=\"async\" width=\"500\" height=\"280\" loading=\"lazy\" src=\"https:\/\/www.europesays.com\/fr\/wp-content\/uploads\/2026\/01\/iconsport-280196-0001-2-69568045c890d.jpg@webp.webp\" class=\"w-auto h-auto\" alt=\"ICONSPORT_280196_0001 (2)\"\/><\/p>\n<p>Endrick a 6 mois pour briller \u00e0 l&rsquo;OL avant de revenir au Real Madrid<\/p>\n<p>Ce choix s\u2019explique notamment par la volont\u00e9 assum\u00e9e du Real Madrid d\u2019exposer davantage un joueur achet\u00e9 pour plus de 50 millions d\u2019euros au Br\u00e9sil et autour de qui les enjeux \u00e9conomiques et marketings sont tr\u00e8s importants. Dans l\u2019esprit de la direction du Real Madrid, Endrick doit \u00eatre la doublure incontest\u00e9e de Kylian Mbapp\u00e9 la saison prochaine et ainsi jouer au moins 25 matchs dans la saison toutes comp\u00e9titions confondues. M\u00eame s\u2019il n\u2019a pas d\u00e9m\u00e9rit\u00e9, notamment lors de la Coupe du monde des clubs de la Fifa l\u2019\u00e9t\u00e9 dernier, Gonzalo Garcia sera donc le grand perdant de l\u2019histoire et le grand sacrifi\u00e9 du Real Madrid. Un choix qui ne fera peut-\u00eatre pas l\u2019unanimit\u00e9 chez les Socios du Real, lesquels semblaient appr\u00e9cier l\u2019id\u00e9e de voir percer un jeune buteur espagnol form\u00e9 au club au sein de l\u2019\u00e9quipe premi\u00e8re.<\/p>\n","protected":false},"excerpt":{"rendered":"Pr\u00eat\u00e9 \u00e0 l\u2019OL cet hiver, Endrick entre toujours dans les plans du Real Madrid \u00e0 long terme. Le&hellip;\n","protected":false},"author":2,"featured_media":634967,"comment_status":"","ping_status":"","sticky":false,"template":"","format":"standard","meta":{"footnotes":""},"categories":[1889],"tags":[1111,11,2430,1777,674,1011,27,453,2428,1434,12,241,25],"class_list":{"0":"post-634966","1":"post","2":"type-post","3":"status-publish","4":"format-standard","5":"has-post-thumbnail","7":"category-lyon","8":"tag-actu","9":"tag-actualites","10":"tag-auvergne-rhone-alpes","11":"tag-eu","12":"tag-europe","13":"tag-fr","14":"tag-france","15":"tag-liga","16":"tag-lyon","17":"tag-mercato","18":"tag-news","19":"tag-ol","20":"tag-republique-francaise"},"share_on_mastodon":{"url":"https:\/\/pubeurope.com\/@fr\/115821977470342005","error":""},"_links":{"self":[{"href":"https:\/\/www.europesays.com\/fr\/wp-json\/wp\/v2\/posts\/634966","targetHints":{"allow":["GET"]}}],"collection":[{"href":"https:\/\/www.europesays.com\/fr\/wp-json\/wp\/v2\/posts"}],"about":[{"href":"https:\/\/www.europesays.com\/fr\/wp-json\/wp\/v2\/types\/post"}],"author":[{"embeddable":true,"href":"https:\/\/www.europesays.com\/fr\/wp-json\/wp\/v2\/users\/2"}],"replies":[{"embeddable":true,"href":"https:\/\/www.europesays.com\/fr\/wp-json\/wp\/v2\/comments?post=634966"}],"version-history":[{"count":0,"href":"https:\/\/www.europesays.com\/fr\/wp-json\/wp\/v2\/posts\/634966\/revisions"}],"wp:featuredmedia":[{"embeddable":true,"href":"https:\/\/www.europesays.com\/fr\/wp-json\/wp\/v2\/media\/634967"}],"wp:attachment":[{"href":"https:\/\/www.europesays.com\/fr\/wp-json\/wp\/v2\/media?parent=634966"}],"wp:term":[{"taxonomy":"category","embeddable":true,"href":"https:\/\/www.europesays.com\/fr\/wp-json\/wp\/v2\/categories?post=634966"},{"taxonomy":"post_tag","embeddable":true,"href":"https:\/\/www.europesays.com\/fr\/wp-json\/wp\/v2\/tags?post=634966"}],"curies":[{"name":"wp","href":"https:\/\/api.w.org\/{rel}","templated":true}]}}