{"id":634976,"date":"2026-01-01T21:36:13","date_gmt":"2026-01-01T21:36:13","guid":{"rendered":"https:\/\/www.europesays.com\/fr\/634976\/"},"modified":"2026-01-01T21:36:13","modified_gmt":"2026-01-01T21:36:13","slug":"un-marocain-se-propose-des-pepites-visees-le-mercato-se-precise-a-paris","status":"publish","type":"post","link":"https:\/\/www.europesays.com\/fr\/634976\/","title":{"rendered":"un Marocain se propose, des p\u00e9pites vis\u00e9es&#8230; Le Mercato se pr\u00e9cise \u00e0 Paris"},"content":{"rendered":"<p data-start=\"55\" data-end=\"587\"><a href=\"https:\/\/www.leparisien.fr\/sports\/football\/ligue-1\/mercato-psg-paris-ne-va-pas-bouleverser-son-effectif-cet-hiver-mais-pense-deja-a-lete-01-01-2026-3TUFGNDESFHS3L6FCPR4UOUDJU.php\" target=\"_blank\" rel=\"noopener\">Le Parisien<\/a>, ce jeudi soir, fait le point sur le mercato hivernal du <a href=\"https:\/\/www.onzemondial.com\/france\/psg.html\" target=\"_blank\" rel=\"noopener\">PSG<\/a> qui s\u2019annonce pour l\u2019instant calme. N\u00e9anmoins, le club de la capitale garde un \u0153il attentif sur plusieurs dossiers prometteurs pour l\u2019avenir. En Ligue 1, le PSG occupe la deuxi\u00e8me place derri\u00e8re le RC Lens et conserve de bonnes chances de finir dans le top 8 en Ligue des champions, malgr\u00e9 une premi\u00e8re moiti\u00e9 de saison marqu\u00e9e par les blessures et un l\u00e9ger manque de fra\u00eecheur.<\/p>\n<p data-start=\"589\" data-end=\"1231\">Pour ce mois de janvier, aucune r\u00e9volution n\u2019est donc attendue : le PSG devrait se limiter \u00e0 des ajustements li\u00e9s \u00e0 d\u2019\u00e9ventuels d\u00e9parts, tout en pr\u00e9parant surtout d\u00e9j\u00e0 l\u2019\u00e9t\u00e9 prochain. Luis Enrique et Luis Campos r\u00e9fl\u00e9chissent \u00e0 de jeunes talents capables de s\u2019inscrire dans la philosophie de jeu parisienne.<\/p>\n<p>A lire aussi :Cabral, Quintas&#8230; Le PSG vise des jeunes<\/p>\n<p data-start=\"589\" data-end=\"1231\">C\u2019est dans ce cadre qu\u2019Ismael Saibari, milieu offensif marocain de 24 ans \u00e9voluant au PSV Eindhoven, s\u2019est propos\u00e9 au PSG en d\u00e9cembre. Auteur de 11 buts et 4 passes d\u00e9cisives en 23 matchs, il pourrait rejoindre Achraf Hakimi et apporter de la cr\u00e9ativit\u00e9 au milieu. Pour l\u2019instant, le club n\u2019a pas concr\u00e9tis\u00e9 cette piste, mais elle reste en t\u00eate.<\/p>\n<p data-start=\"1233\" data-end=\"1769\">Parall\u00e8lement, Paris suit de pr\u00e8s de jeunes p\u00e9pites portugaises, Anisio Cabral (attaquant) et Rafael Quintas (milieu), tous deux \u00e2g\u00e9s de 17 ans et sous contrat avec Benfica jusqu\u2019en 2027. Tr\u00e8s courtis\u00e9s, notamment par Manchester City et Manchester United, ces talents correspondent \u00e0 la strat\u00e9gie du PSG de miser sur la jeunesse pour construire l\u2019avenir, \u00e0 la fois sur le plan sportif et dans l\u2019\u00e9tat d\u2019esprit du club. Cependant, aucune offre concr\u00e8te n\u2019a encore \u00e9t\u00e9 formul\u00e9e et la situation contractuelle des deux joueurs reste floue.<\/p>\n<p>   Partagez cette info avec vos amis et vos proches en cliquant ici<br \/> Pour r\u00e9sumer<\/p>\n<p>Le PSG restera discret cet hiver, se concentrant sur d\u2019\u00e9ventuels ajustements. Ismael Saibari, milieu marocain du PSV, s\u2019est propos\u00e9, tandis que les jeunes portugais Anisio Cabral et Rafael Quintas sont suivis pour l\u2019\u00e9t\u00e9. Luis Enrique et Campos pr\u00e9parent l\u2019avenir en ciblant des talents prometteurs pour compl\u00e9ter l\u2019effectif parisien.<\/p>\n<p>R\u00e9dacteur<\/p>\n<p><img decoding=\"async\" width=\"76\" height=\"76\" loading=\"lazy\" src=\"https:\/\/www.europesays.com\/fr\/wp-content\/uploads\/2025\/04\/logo-julien-pedebos.jpg\" alt=\"Julien P\u00e9debos\"\/><\/p>\n","protected":false},"excerpt":{"rendered":"Le Parisien, ce jeudi soir, fait le point sur le mercato hivernal du PSG qui s\u2019annonce pour l\u2019instant&hellip;\n","protected":false},"author":2,"featured_media":634977,"comment_status":"","ping_status":"","sticky":false,"template":"","format":"standard","meta":{"footnotes":""},"categories":[1888],"tags":[11,1777,674,1011,27,66,12,626,93,25,10662],"class_list":{"0":"post-634976","1":"post","2":"type-post","3":"status-publish","4":"format-standard","5":"has-post-thumbnail","7":"category-paris","8":"tag-actualites","9":"tag-eu","10":"tag-europe","11":"tag-fr","12":"tag-france","13":"tag-ligue-1","14":"tag-news","15":"tag-paris","16":"tag-psg","17":"tag-republique-francaise","18":"tag-transferts"},"share_on_mastodon":{"url":"https:\/\/pubeurope.com\/@fr\/115822001139754522","error":""},"_links":{"self":[{"href":"https:\/\/www.europesays.com\/fr\/wp-json\/wp\/v2\/posts\/634976","targetHints":{"allow":["GET"]}}],"collection":[{"href":"https:\/\/www.europesays.com\/fr\/wp-json\/wp\/v2\/posts"}],"about":[{"href":"https:\/\/www.europesays.com\/fr\/wp-json\/wp\/v2\/types\/post"}],"author":[{"embeddable":true,"href":"https:\/\/www.europesays.com\/fr\/wp-json\/wp\/v2\/users\/2"}],"replies":[{"embeddable":true,"href":"https:\/\/www.europesays.com\/fr\/wp-json\/wp\/v2\/comments?post=634976"}],"version-history":[{"count":0,"href":"https:\/\/www.europesays.com\/fr\/wp-json\/wp\/v2\/posts\/634976\/revisions"}],"wp:featuredmedia":[{"embeddable":true,"href":"https:\/\/www.europesays.com\/fr\/wp-json\/wp\/v2\/media\/634977"}],"wp:attachment":[{"href":"https:\/\/www.europesays.com\/fr\/wp-json\/wp\/v2\/media?parent=634976"}],"wp:term":[{"taxonomy":"category","embeddable":true,"href":"https:\/\/www.europesays.com\/fr\/wp-json\/wp\/v2\/categories?post=634976"},{"taxonomy":"post_tag","embeddable":true,"href":"https:\/\/www.europesays.com\/fr\/wp-json\/wp\/v2\/tags?post=634976"}],"curies":[{"name":"wp","href":"https:\/\/api.w.org\/{rel}","templated":true}]}}