{"id":634981,"date":"2026-01-01T21:39:19","date_gmt":"2026-01-01T21:39:19","guid":{"rendered":"https:\/\/www.europesays.com\/fr\/634981\/"},"modified":"2026-01-01T21:39:19","modified_gmt":"2026-01-01T21:39:19","slug":"le-maire-de-new-york-mamdani-promet-de-montrer-que-la-gauche-peut-gouverner","status":"publish","type":"post","link":"https:\/\/www.europesays.com\/fr\/634981\/","title":{"rendered":"le maire de New York Mamdani promet de montrer que \u00ab\u00a0la gauche peut gouverner\u00a0\u00bb"},"content":{"rendered":"<p>Le nouveau maire d\u00e9mocrate de New York Zohran Mamdani a promis jeudi 1er\u00a0janvier de \u00ab\u00a0donner l\u2019exemple au monde\u00a0\u00bb en montrant que \u00ab\u00a0la gauche peut gouverner\u00a0\u00bb, dans un discours \u00e0 l\u2019occasion de son investiture. \u00ab\u00a0Beaucoup nous observeront. Ils veulent savoir si la gauche peut gouverner [\u2026] Ils veulent savoir si les difficult\u00e9s qui les touchent peuvent \u00eatre r\u00e9solues. Alors, unis, port\u00e9s par notre d\u00e9termination, nous ferons ce que les New-Yorkais font mieux que quiconque\u00a0: nous allons donner l\u2019exemple au monde\u00a0\u00bb, a lanc\u00e9 l\u2019\u00e9lu de 34\u00a0ans.<\/p>\n","protected":false},"excerpt":{"rendered":"Le nouveau maire d\u00e9mocrate de New York Zohran Mamdani a promis jeudi 1er\u00a0janvier de \u00ab\u00a0donner l\u2019exemple au monde\u00a0\u00bb&hellip;\n","protected":false},"author":2,"featured_media":634982,"comment_status":"","ping_status":"","sticky":false,"template":"","format":"standard","meta":{"footnotes":""},"categories":[1589],"tags":[11,73,1866,12,1864,1865,1863,308],"class_list":{"0":"post-634981","1":"post","2":"type-post","3":"status-publish","4":"format-standard","5":"has-post-thumbnail","7":"category-etats-unis","8":"tag-actualites","9":"tag-etats-unis","10":"tag-etats-unis-damerique","11":"tag-news","12":"tag-united-states","13":"tag-united-states-of-america","14":"tag-us","15":"tag-usa"},"share_on_mastodon":{"url":"https:\/\/pubeurope.com\/@fr\/115822012945366647","error":""},"_links":{"self":[{"href":"https:\/\/www.europesays.com\/fr\/wp-json\/wp\/v2\/posts\/634981","targetHints":{"allow":["GET"]}}],"collection":[{"href":"https:\/\/www.europesays.com\/fr\/wp-json\/wp\/v2\/posts"}],"about":[{"href":"https:\/\/www.europesays.com\/fr\/wp-json\/wp\/v2\/types\/post"}],"author":[{"embeddable":true,"href":"https:\/\/www.europesays.com\/fr\/wp-json\/wp\/v2\/users\/2"}],"replies":[{"embeddable":true,"href":"https:\/\/www.europesays.com\/fr\/wp-json\/wp\/v2\/comments?post=634981"}],"version-history":[{"count":0,"href":"https:\/\/www.europesays.com\/fr\/wp-json\/wp\/v2\/posts\/634981\/revisions"}],"wp:featuredmedia":[{"embeddable":true,"href":"https:\/\/www.europesays.com\/fr\/wp-json\/wp\/v2\/media\/634982"}],"wp:attachment":[{"href":"https:\/\/www.europesays.com\/fr\/wp-json\/wp\/v2\/media?parent=634981"}],"wp:term":[{"taxonomy":"category","embeddable":true,"href":"https:\/\/www.europesays.com\/fr\/wp-json\/wp\/v2\/categories?post=634981"},{"taxonomy":"post_tag","embeddable":true,"href":"https:\/\/www.europesays.com\/fr\/wp-json\/wp\/v2\/tags?post=634981"}],"curies":[{"name":"wp","href":"https:\/\/api.w.org\/{rel}","templated":true}]}}