{"id":634983,"date":"2026-01-01T21:40:22","date_gmt":"2026-01-01T21:40:22","guid":{"rendered":"https:\/\/www.europesays.com\/fr\/634983\/"},"modified":"2026-01-01T21:40:22","modified_gmt":"2026-01-01T21:40:22","slug":"plus-de-41-000-exiles-ont-reussi-la-traversee-de-la-manche-en-bateau-pour-rejoindre-le-royaume-uni-en-2025","status":"publish","type":"post","link":"https:\/\/www.europesays.com\/fr\/634983\/","title":{"rendered":"Plus de 41 000 exil\u00e9s ont r\u00e9ussi la travers\u00e9e de la Manche en bateau pour rejoindre le Royaume-Uni en 2025"},"content":{"rendered":"<p>Le minist\u00e8re britannique de l&rsquo;Int\u00e9rieur a rendu public ce jeudi 1er janvier 2026 le nombre d&rsquo;arriv\u00e9es de migrants par la Manche en 2025. Ils sont plus de 41.000, un chiffre en hausse pour la deuxi\u00e8me ann\u00e9e cons\u00e9cutive.<\/p>\n<p>Le minist\u00e8re britannique de l&rsquo;Int\u00e9rieur a communiqu\u00e9 ce jeudi 1er janvier le nombre de tentatives r\u00e9ussies de travers\u00e9es de la Manche en 2025 par des exil\u00e9s. <strong>Entre le 1er janvier et le 31 d\u00e9cembre 2025, 41.472 personnes ont rejoint les c\u00f4tes anglaises<\/strong> en partant du Boulonnais, du Calaisis ou encore du Dunkerquois, \u00e0 bord de \u00ab\u00a0small boat\u00a0\u00bb souvent surcharg\u00e9s. Ce chiffre est le plus \u00e9lev\u00e9 apr\u00e8s celui enregistr\u00e9 en 2022 (45.774 arriv\u00e9es), qui \u00e9tait une ann\u00e9e record depuis le d\u00e9but du ph\u00e9nom\u00e8ne en 2018. <strong>Au moins 29 migrants ont trouv\u00e9 la mort en tentant ce p\u00e9riple<\/strong>.<\/p>\n<p>Toujours selon les autorit\u00e9s britanniques, pr\u00e8s des trois quarts des exil\u00e9s qui ont r\u00e9ussi la travers\u00e9e de la Manche sont des hommes de plus de 18 ans, principalement originaires d&rsquo;Erythr\u00e9e, d&rsquo;Afghanistan, d&rsquo;Iran, du Soudan et de Somalie.<\/p>\n<p><a class=\"IciLink ici-link IciArticleLink g-ici-body-regular-1 underline brand svelte-1chfe2s\" href=\"https:\/\/www.francebleu.fr\/emissions\/l-info-d-ici-ici-nord\/l-accord-entre-la-france-et-le-royaume-uni-sur-les-migrants-entre-en-vigueur-ce-mercredi-7509887\" target=\"_blank\" rel=\"noopener\">L&rsquo;accord franco-britannique qui pr\u00e9voit de renvoyer les exil\u00e9s ill\u00e9gaux<\/a>\u00a0en France en \u00e9change de migrants par la voie l\u00e9gale, conclu \u00e0 l&rsquo;\u00e9t\u00e9 2025, n&rsquo;a pour l&rsquo;instant abouti qu&rsquo;au retour sur le sol fran\u00e7ais de 153 personnes et de l&rsquo;admission par le Royaume-Uni de 134 autres.<\/p>\n<p>\u00c0 lire aussi   <img decoding=\"async\" src=\"https:\/\/www.europesays.com\/fr\/wp-content\/uploads\/2026\/01\/1767303622_614_400x400.jpeg\" alt=\"\" style=\"--_image-preview:url('data:image\/jpeg;base64,\/9j\/2wBDACgcHiMeGSgjISMtKygwPGRBPDc3PHtYXUlkkYCZlo+AjIqgtObDoKrarYqMyP\/L2u71\/\/\/\/m8H\/\/\/\/6\/+b9\/\/j\/2wBDASstLTw1PHZBQXb4pYyl+Pj4+Pj4+Pj4+Pj4+Pj4+Pj4+Pj4+Pj4+Pj4+Pj4+Pj4+Pj4+Pj4+Pj4+Pj4+Pj4+Pj\/wAARCAAXACoDASIAAhEBAxEB\/8QAFwABAQEBAAAAAAAAAAAAAAAAAAECA\/\/EABcQAQEBAQAAAAAAAAAAAAAAAAARARL\/xAAVAQEBAAAAAAAAAAAAAAAAAAAAAf\/EABQRAQAAAAAAAAAAAAAAAAAAAAD\/2gAMAwEAAhEDEQA\/AOnSbrHSdKN7rO6zUojVSs0oFKCKlSgBSgD\/2Q==');\" loading=\"lazy\" fetchpriority=\"low\" aria-hidden=\"true\" class=\"svelte-1cksh76 rounded\" onload=\"this.__e=event\" onerror=\"this.__e=event\"\/>De nombreux migrants attendent de pouvoir traverser<\/p>\n<p>Dans le Nord et le Pas-de-Calais, ils sont encore des centaines \u00e0 esp\u00e9rer monter sur un bateau pour traverser la Manche. <strong>La pr\u00e9fecture du Pas-de-Calais indique que 1.839 nuit\u00e9es ont \u00e9t\u00e9 assur\u00e9es entre le 24 et le 31 d\u00e9cembre 2025, dont 414 pour des mineurs non accompagn\u00e9s dans le cadre du dispositif renforc\u00e9 de mise \u00e0 l&rsquo;abri en p\u00e9riode hivernale<\/strong>. Ce dispositif, pr\u00e9cise la pr\u00e9fecture, \u00ab\u00a0intervient en compl\u00e9ment des mises \u00e0 l&rsquo;abri au sein des CAES du d\u00e9partement qui sont propos\u00e9es tout au long de l&rsquo;ann\u00e9e aux personnes migrantes pr\u00e9sentes \u00e0 Calais\u00a0\u00bb. 57 mises \u00e0 l&rsquo;abri ont \u00e9t\u00e9 r\u00e9alis\u00e9es au cours de la semaine de No\u00ebl.<\/p>\n<p>Le plan Grand Froid n&rsquo;est pas adapt\u00e9 aux exil\u00e9s qui dorment dehors, estime de son c\u00f4t\u00e9 l&rsquo;Auberge des Migrants. Dans un communiqu\u00e9, l&rsquo;association pr\u00e9cise qu&rsquo;un hangar a \u00e9t\u00e9 ouvert \u00ab\u00a0mais qu&rsquo;il n&rsquo;est pas possible d&rsquo;y venir avec ses affaires personnelles\u00a0\u00bb et qu&rsquo;il n&rsquo;y a pas d&rsquo;accueil de jour pr\u00e9vu pour attendre au chaud. <strong>L&rsquo;Auberge des Migrants demande donc \u00ab\u00a0l&rsquo;ouverture imm\u00e9diate de places d&rsquo;accueil dignes pour toutes les personnes \u00e0 la rue\u00a0\u00bb.<\/strong><\/p>\n","protected":false},"excerpt":{"rendered":"Le minist\u00e8re britannique de l&rsquo;Int\u00e9rieur a rendu public ce jeudi 1er janvier 2026 le nombre d&rsquo;arriv\u00e9es de migrants&hellip;\n","protected":false},"author":2,"featured_media":634984,"comment_status":"","ping_status":"","sticky":false,"template":"","format":"standard","meta":{"footnotes":""},"categories":[1588],"tags":[11,1777,674,12,473,1853,1851,1850,1852],"class_list":{"0":"post-634983","1":"post","2":"type-post","3":"status-publish","4":"format-standard","5":"has-post-thumbnail","7":"category-royaume-uni","8":"tag-actualites","9":"tag-eu","10":"tag-europe","11":"tag-news","12":"tag-royaume-uni","13":"tag-royaume-uni-de-grande-bretagne-et-dirlande-du-nord","14":"tag-uk","15":"tag-united-kingdom","16":"tag-united-kingdom-of-great-britain-and-northern-ireland"},"share_on_mastodon":{"url":"https:\/\/pubeurope.com\/@fr\/115822016882392051","error":""},"_links":{"self":[{"href":"https:\/\/www.europesays.com\/fr\/wp-json\/wp\/v2\/posts\/634983","targetHints":{"allow":["GET"]}}],"collection":[{"href":"https:\/\/www.europesays.com\/fr\/wp-json\/wp\/v2\/posts"}],"about":[{"href":"https:\/\/www.europesays.com\/fr\/wp-json\/wp\/v2\/types\/post"}],"author":[{"embeddable":true,"href":"https:\/\/www.europesays.com\/fr\/wp-json\/wp\/v2\/users\/2"}],"replies":[{"embeddable":true,"href":"https:\/\/www.europesays.com\/fr\/wp-json\/wp\/v2\/comments?post=634983"}],"version-history":[{"count":0,"href":"https:\/\/www.europesays.com\/fr\/wp-json\/wp\/v2\/posts\/634983\/revisions"}],"wp:featuredmedia":[{"embeddable":true,"href":"https:\/\/www.europesays.com\/fr\/wp-json\/wp\/v2\/media\/634984"}],"wp:attachment":[{"href":"https:\/\/www.europesays.com\/fr\/wp-json\/wp\/v2\/media?parent=634983"}],"wp:term":[{"taxonomy":"category","embeddable":true,"href":"https:\/\/www.europesays.com\/fr\/wp-json\/wp\/v2\/categories?post=634983"},{"taxonomy":"post_tag","embeddable":true,"href":"https:\/\/www.europesays.com\/fr\/wp-json\/wp\/v2\/tags?post=634983"}],"curies":[{"name":"wp","href":"https:\/\/api.w.org\/{rel}","templated":true}]}}