{"id":634991,"date":"2026-01-01T21:44:16","date_gmt":"2026-01-01T21:44:16","guid":{"rendered":"https:\/\/www.europesays.com\/fr\/634991\/"},"modified":"2026-01-01T21:44:16","modified_gmt":"2026-01-01T21:44:16","slug":"doubs-une-jaguar-en-feu-a-larnod-durant-la-nuit-du-reveillon-dautres-voitures-brulees-dans-le-doubs","status":"publish","type":"post","link":"https:\/\/www.europesays.com\/fr\/634991\/","title":{"rendered":"Doubs. Une Jaguar en feu \u00e0 Larnod durant la nuit du r\u00e9veillon, d\u2019autres voitures br\u00fbl\u00e9es dans le Doubs"},"content":{"rendered":"<p>Une voiture de marque Jaguar a pris feu dans la nuit de la Saint-Sylvestre, \u00e0 Larnod. Le v\u00e9hicule haut de gamme \u00e9tait stationn\u00e9 sur un parking situ\u00e9 derri\u00e8re l\u2019\u00e9cole primaire de la commune, entre la rue du Crait et le chemin des Sapins. Les sapeurs-pompiers et les gendarmes sont intervenus <a href=\"https:\/\/www.estrepublicain.fr\/faits-divers-justice\/2026\/01\/01\/nuit-de-la-saint-sylvestre-4-voitures-brulees-a-nancy-et-jarville\" target=\"_blank\" rel=\"noopener\">vers 0 h 30 sur place<\/a>.<\/p>\n<p>  Huit voitures br\u00fbl\u00e9es dans le d\u00e9partement<\/p>\n<p>Les flammes ont \u00e9t\u00e9 ma\u00eetris\u00e9es sans probl\u00e8me. Des investigations seront men\u00e9es pour conna\u00eetre l\u2019origine du d\u00e9part du feu.<\/p>\n<p>Ce jeudi matin 1er janvier, les gendarmes ont identifi\u00e9 le propri\u00e9taire du v\u00e9hicule, sans avoir pu encore le contacter. Le sinistre n\u2019a pas fait de bless\u00e9 et l\u2019incendie ne pr\u00e9sentait pas de risque de propagation.<\/p>\n<p>Durant la nuit du R\u00e9veillon, les pompiers ont \u00e9t\u00e9 mobilis\u00e9s pour \u00e9teindre huit feux de v\u00e9hicule dans tout le d\u00e9partement du Doubs.<\/p>\n<p>Selon la police du Doubs qui g\u00e8re les zones de Besan\u00e7on, de Pontarlier et de Montb\u00e9liard, la nuit a \u00e9t\u00e9 calme, en d\u00e9pit de quelques ph\u00e9nom\u00e8nes de violences urbaines. Des infractions qui n&rsquo;auraient pour le moment pas donn\u00e9 lieu \u00e0 des interpellations.<\/p>\n","protected":false},"excerpt":{"rendered":"Une voiture de marque Jaguar a pris feu dans la nuit de la Saint-Sylvestre, \u00e0 Larnod. Le v\u00e9hicule&hellip;\n","protected":false},"author":2,"featured_media":634992,"comment_status":"","ping_status":"","sticky":false,"template":"","format":"standard","meta":{"footnotes":""},"categories":[2],"tags":[119,11,10112,14382,271,272,8026,14383,14384,274,1011,27,1310,12,25],"class_list":{"0":"post-634991","1":"post","2":"type-post","3":"status-publish","4":"format-standard","5":"has-post-thumbnail","7":"category-actualites","8":"tag-accident","9":"tag-actualites","10":"tag-besancon","11":"tag-besancon-ville-25a","12":"tag-crime","13":"tag-delit-et-contravention","14":"tag-doubs","15":"tag-edition-besancon","16":"tag-edition-pontarlier-haut-doubs","17":"tag-faits-divers-justice","18":"tag-fr","19":"tag-france","20":"tag-incendie","21":"tag-news","22":"tag-republique-francaise"},"share_on_mastodon":{"url":"https:\/\/pubeurope.com\/@fr\/115822032532993556","error":""},"_links":{"self":[{"href":"https:\/\/www.europesays.com\/fr\/wp-json\/wp\/v2\/posts\/634991","targetHints":{"allow":["GET"]}}],"collection":[{"href":"https:\/\/www.europesays.com\/fr\/wp-json\/wp\/v2\/posts"}],"about":[{"href":"https:\/\/www.europesays.com\/fr\/wp-json\/wp\/v2\/types\/post"}],"author":[{"embeddable":true,"href":"https:\/\/www.europesays.com\/fr\/wp-json\/wp\/v2\/users\/2"}],"replies":[{"embeddable":true,"href":"https:\/\/www.europesays.com\/fr\/wp-json\/wp\/v2\/comments?post=634991"}],"version-history":[{"count":0,"href":"https:\/\/www.europesays.com\/fr\/wp-json\/wp\/v2\/posts\/634991\/revisions"}],"wp:featuredmedia":[{"embeddable":true,"href":"https:\/\/www.europesays.com\/fr\/wp-json\/wp\/v2\/media\/634992"}],"wp:attachment":[{"href":"https:\/\/www.europesays.com\/fr\/wp-json\/wp\/v2\/media?parent=634991"}],"wp:term":[{"taxonomy":"category","embeddable":true,"href":"https:\/\/www.europesays.com\/fr\/wp-json\/wp\/v2\/categories?post=634991"},{"taxonomy":"post_tag","embeddable":true,"href":"https:\/\/www.europesays.com\/fr\/wp-json\/wp\/v2\/tags?post=634991"}],"curies":[{"name":"wp","href":"https:\/\/api.w.org\/{rel}","templated":true}]}}