{"id":634995,"date":"2026-01-01T21:46:12","date_gmt":"2026-01-01T21:46:12","guid":{"rendered":"https:\/\/www.europesays.com\/fr\/634995\/"},"modified":"2026-01-01T21:46:12","modified_gmt":"2026-01-01T21:46:12","slug":"people-tour-de-france-montmartre-egypte-ancienne-les-themes-des-conferences-de-luia-a-laigle","status":"publish","type":"post","link":"https:\/\/www.europesays.com\/fr\/634995\/","title":{"rendered":"People, Tour de France, Montmartre, Egypte ancienne&#8230; les th\u00e8mes des conf\u00e9rences de l&rsquo;UIA \u00e0 L&rsquo;Aigle"},"content":{"rendered":"<p>                    Par<br \/>\n        <strong><br \/>\n            <a href=\"https:\/\/actu.fr\/auteur\/journaliste-rn\" title=\"Consulter tous les articles de R\u00e9daction L&#039;Aigle\" target=\"_blank\" rel=\"noopener\">R\u00e9daction L&rsquo;Aigle<\/a><br \/>\n                    <\/strong><\/p>\n<p>        Publi\u00e9 le<\/p>\n<p>            1 janv. 2026 \u00e0 20h55        <\/p>\n<p>Voici le programme des conf\u00e9rences du mois de janvier 2026 chaque mardi de 15 \u00e0 17 heures et une conf\u00e9rence locale vendredi 23 janvier \u00e0 14h30 au <strong>centre culturel des Tanneurs<\/strong> 1er \u00e9tage, amphith\u00e9\u00e2tre Jean-Genestoux, \u00e0 <a href=\"https:\/\/actu.fr\/normandie\/l-aigle_61214\" target=\"_blank\" rel=\"noopener\">L\u2019Aigle (Orne)<\/a><\/p>\n<p>Mardi 6 janvier<\/p>\n<p class=\" wall-content\"><strong>Jean Loret, le premier journaliste people du XVIe\u00a0si\u00e8cle \u00e9tait-il normand\u2009?<\/strong><br \/>Jean Loret na\u00eet en 1595 \u00e0 Carentan, il meurt \u00e0 Paris en 1665. C\u2019est un po\u00e8te et un \u00e9crivain fran\u00e7ais connu pour sa publication hebdomadaire en vers des nouvelles de la soci\u00e9t\u00e9 parisienne de son temps. Ces \u00e9crits lui ont valu parfois le nom de \u00ab\u2009p\u00e8re du journalisme\u2009\u00bb.<\/p>\n<p class=\" wall-content\">Jean Loret conna\u00eet un fort succ\u00e8s en faisant de sa gazette une lecture attractive qui alimente les causeries de la Cour car il colporte les potins de la rue. Il finit sa vie sans le sou aux prises avec l\u2019addiction au jeu.<\/p>\n<p class=\" wall-content\"><strong>Anim\u00e9e par Sylvaine Piette<\/strong>, guide conf\u00e9renci\u00e8re Nationale Ind\u00e9pendante.<\/p>\n<p>Mardi 13 janvier<\/p>\n<p class=\" wall-content\"><strong>Une histoire \u00e9conomique du Tour de France, un pari fou devenu une \u00e9pop\u00e9e nationale.<\/strong><br \/>Le 1er tour de France a eu lieu en 1903. Il associait un journal sportif et les industriels du cycle, avec des coureurs devenus \u00ab\u2009professionnels\u2009\u00bb. Depuis, parall\u00e8lement \u00e0 la soci\u00e9t\u00e9 fran\u00e7aise, il a \u00e9volu\u00e9 par de nombreux aspects, \u00e9conomiques technologiques et People m\u00e9diatiques. Ainsi, le Tour refl\u00e8te clairement l\u2019histoire du sport spectacle et plus largement l\u2019Histoire de notre pays.<\/p>\n<p>Vid\u00e9os : en ce moment sur Actu<\/p>\n<p class=\" wall-content\">La conf\u00e9rence propose un voyage sur plus d\u2019un si\u00e8cle\u2009: des ann\u00e9es pionni\u00e8res d\u2019avant 1914, suivies de l\u2019\u00e2ge d\u2019or de la radio, puis de la t\u00e9l\u00e9vision, pour finir sur l\u2019\u00e8re du sport num\u00e9rique. Le Tour de France, c\u2019est un r\u00e9cit, un mythe, une \u00e9pop\u00e9e qui s\u2019est peu \u00e0 peu construite pour en faire un des plus grands \u00e9v\u00e9nements sportifs de la plan\u00e8te. Diffus\u00e9 dans 190 pays par 100 cha\u00eenes de t\u00e9l\u00e9vision pendant plus de 100\u00a0heures de direct, il r\u00e9unit au final, pr\u00e8s de 3,5\u00a0milliards de t\u00e9l\u00e9spectateurs cumul\u00e9s\u2009!<\/p>\n<p class=\" wall-content\"><strong>Anim\u00e9e par Christophe Durand<\/strong>, enseignement-chercheur UFR STAPS.<\/p>\n<p>Votre r\u00e9gion, votre actu !<\/p>\n<p>Recevez chaque jour les infos qui comptent pour vous.<\/p>\n<p>\t<a href=\"https:\/\/actu.fr\/newsletter\" class=\"ac-btn ac-btn--corner ac-btn--medium ac-btn--blue800\" target=\"_blank\" rel=\"noopener\">S&rsquo;incrire<\/a><br \/>\nMardi 20 janvier<\/p>\n<p class=\" wall-content\"><strong>Du bon bock de Manet aux d\u00eeners montmartrois du Bon-Bock<\/strong><br \/>Les d\u00eeners montmartrois du Bon-Bock tiennent leur nom du tableau d\u2019Edouard Manet, le Bon bock tr\u00e8s remarqu\u00e9 et discut\u00e9, au Salon de l\u2019Acad\u00e9mie des Beaux-Arts en 1873. Le peintre y a figur\u00e9 le graveur \u00c9mile Bellot, un pilier de brasserie, r\u00e9put\u00e9 bon vivant. En f\u00e9vrier 1875, le caricaturiste Eug\u00e8ne Cottin demande, \u00e0 celui-ci s\u2019il peut, fort de ses relations accrues par la notori\u00e9t\u00e9 du tableau le Bon bock, organiser une soir\u00e9e autour du com\u00e9dien Leone Gambini interpr\u00e8te des po\u00e9sies de Victor Hugo.<\/p>\n<p class=\" wall-content\">\u00c9mile Bellot r\u00e9unit 25 amis dans un d\u00eener pique-nique qui prend place chez Krauteimer, un marchand de vin du boulevard Rochechouart. Le trag\u00e9dien donne son r\u00e9cital et, tout naturellement \u00c9tienne Carjat, Jules Gros, \u00c9mile Bellot ou Adrien D\u00e9zamy encha\u00eenent tant et si bien qu\u2019on se promet de r\u00e9it\u00e9rer cette soir\u00e9e enchant\u00e9e. Non sans un certain succ\u00e8s, ces d\u00eeners s\u2019\u00e9gr\u00e8nent encore de nos jours.<\/p>\n<p class=\" wall-content\">C\u00e9l\u00e9brant tour \u00e0 tour une personnalit\u00e9, ils furent annonc\u00e9s par des programmes enlumin\u00e9s par la cr\u00e8me des artistes montmartrois, Henri Pille, Benjamin Moloch, Alexandre Ferdinandus Eug\u00e8ne Carri\u00e8re, Albert Robida, Louis Bombled, ou Paul-Fran\u00e7ois Morvan\u2026<\/p>\n<p class=\" wall-content\"><strong>Anim\u00e9e par Beno\u00eet No\u00ebl<\/strong>, historien d\u2019art.<\/p>\n<p>Mardi 27 janvier<\/p>\n<p class=\" wall-content\"><strong>Une br\u00e8ve histoire de l\u2019Egypte ancienne.<\/strong><br \/>La civilisation de l\u2019Egypte ancienne est l\u2019une des plus longues de l\u2019histoire de l\u2019humanit\u00e9, elle a dur\u00e9 plus de 3\u2009000 ans depuis le n\u00e9olithique jusqu\u2019\u00e0 l\u2019\u00e9poque romaine. Il est \u00e9vident que durant ces trois mill\u00e9naires, cette civilisation a connu de nombreuses vicissitudes, des p\u00e9riodes de faste mais aussi de d\u00e9clin.<\/p>\n<p class=\" wall-content\">Cette conf\u00e9rence a pour objectif de retracer en grandes lignes les \u00e9tapes cl\u00e9s de cette civilisation\u2009: rois qui ont marqu\u00e9 durablement l\u2019histoire, les monuments embl\u00e9matiques, la pens\u00e9e religieuse sans oublier les relations internationales avec leurs impacts g\u00e9opolitiques sur le Proche-Orient antique.<\/p>\n<p class=\" wall-content\"><strong>Anim\u00e9e par Thierry Priem<\/strong>, ing\u00e9nieur \u00e0 la direction scientifique du CEA.<\/p>\n<p>La conf\u00e9rence locale c\u2019est le vendredi<\/p>\n<p class=\" wall-content\">L\u2019UIA organise \u00e9galement une \u00ab\u2009conf\u00e9rence locale\u2009\u00bb vendredi 23\u00a0janvier \u00e0 14h30, ouvertes \u00e0 tous, \u00e0 l\u2019amphith\u00e9\u00e2tre Jean-Genestoux.<\/p>\n<p>Vendredi 23 janvier<\/p>\n<p class=\" wall-content\"><strong>Le travail et la vie quotidienne dans la Gr\u00e8ce antique.<\/strong><br \/>Les Grecs de l\u2019\u00e9poque classique (Ve \u2013 IVe\u00a0si\u00e8cles avant notre \u00e8re) sont principalement connus pour leurs r\u00e9gimes politiques, leurs philosophes, ou plus encore, pour leurs combats. La conf\u00e9rence tentera d\u2019appr\u00e9cier ce peuple \u00e0 une \u00e9chelle plus humaine, en s\u2019int\u00e9ressant \u00e0 la vie quotidienne des Hell\u00e8nes.<\/p>\n<p class=\" wall-content\">Apr\u00e8s une br\u00e8ve introduction \u00e0 l\u2019espace m\u00e9diterran\u00e9en dans l\u2019antiquit\u00e9, le conf\u00e9rencier passera en revue la riche diversit\u00e9 statutaire qui caract\u00e9rise l\u2019espace grec. Puis, plus pr\u00e9cis\u00e9ment, abordera le quotidien du citoyen, ses pratiques politiques et militaires, mais aussi et surtout son travail quotidien et sa relation avec l\u2019Oikos (la maisonn\u00e9e), plus pr\u00e9cis\u00e9ment sur l\u2019exploitation de la terre, l\u2019artisanat, et dans une moindre mesure sur les pratiques religieuses et artistiques. Finalement, un temps sera consacr\u00e9 \u00e0 vos questions.<\/p>\n<p class=\" wall-content\">Cet expos\u00e9 se veut abordable et invite par cons\u00e9quent tous les curieux et les curieuses \u00e0 s\u2019y retrouver.<\/p>\n<p class=\" wall-content\"><strong>Anim\u00e9e par Sylvain Vanhoye<\/strong>, \u00e9tudiant en histoire, agr\u00e9gation.<\/p>\n<p class=\" wall-content\">Personnalisez votre actualit\u00e9 en ajoutant vos villes et m\u00e9dias en favori avec <a href=\"https:\/\/moncompte.actu.fr\" title=\"D\u00e9couvez Mon Actu\" rel=\"nofollow noopener\" data-trk=\"{&quot;cta&quot;:{&quot;action&quot;:&quot;https:\\\/\\\/moncompte.actu.fr&quot;,&quot;category&quot;:&quot;mon compte&quot;,&quot;from&quot;:&quot;article footer&quot;,&quot;name&quot;:&quot;Mon actu&quot;,&quot;type&quot;:&quot;cta&quot;}}\" target=\"_blank\">Mon Actu<\/a>.<\/p>\n","protected":false},"excerpt":{"rendered":"Par R\u00e9daction L&rsquo;Aigle Publi\u00e9 le 1 janv. 2026 \u00e0 20h55 Voici le programme des conf\u00e9rences du mois de&hellip;\n","protected":false},"author":2,"featured_media":634996,"comment_status":"","ping_status":"","sticky":false,"template":"","format":"standard","meta":{"footnotes":""},"categories":[4],"tags":[11,1011,27,8906,1652,7661,12,25,210],"class_list":{"0":"post-634995","1":"post","2":"type-post","3":"status-publish","4":"format-standard","5":"has-post-thumbnail","7":"category-france","8":"tag-actualites","9":"tag-fr","10":"tag-france","11":"tag-grece","12":"tag-loisirs-culture","13":"tag-montmartre","14":"tag-news","15":"tag-republique-francaise","16":"tag-tour-de-france"},"share_on_mastodon":{"url":"https:\/\/pubeurope.com\/@fr\/115822040366853682","error":""},"_links":{"self":[{"href":"https:\/\/www.europesays.com\/fr\/wp-json\/wp\/v2\/posts\/634995","targetHints":{"allow":["GET"]}}],"collection":[{"href":"https:\/\/www.europesays.com\/fr\/wp-json\/wp\/v2\/posts"}],"about":[{"href":"https:\/\/www.europesays.com\/fr\/wp-json\/wp\/v2\/types\/post"}],"author":[{"embeddable":true,"href":"https:\/\/www.europesays.com\/fr\/wp-json\/wp\/v2\/users\/2"}],"replies":[{"embeddable":true,"href":"https:\/\/www.europesays.com\/fr\/wp-json\/wp\/v2\/comments?post=634995"}],"version-history":[{"count":0,"href":"https:\/\/www.europesays.com\/fr\/wp-json\/wp\/v2\/posts\/634995\/revisions"}],"wp:featuredmedia":[{"embeddable":true,"href":"https:\/\/www.europesays.com\/fr\/wp-json\/wp\/v2\/media\/634996"}],"wp:attachment":[{"href":"https:\/\/www.europesays.com\/fr\/wp-json\/wp\/v2\/media?parent=634995"}],"wp:term":[{"taxonomy":"category","embeddable":true,"href":"https:\/\/www.europesays.com\/fr\/wp-json\/wp\/v2\/categories?post=634995"},{"taxonomy":"post_tag","embeddable":true,"href":"https:\/\/www.europesays.com\/fr\/wp-json\/wp\/v2\/tags?post=634995"}],"curies":[{"name":"wp","href":"https:\/\/api.w.org\/{rel}","templated":true}]}}