{"id":63501,"date":"2025-04-30T04:38:08","date_gmt":"2025-04-30T04:38:08","guid":{"rendered":"https:\/\/www.europesays.com\/fr\/63501\/"},"modified":"2025-04-30T04:38:08","modified_gmt":"2025-04-30T04:38:08","slug":"ce-quil-faut-savoir-pour-circuler-a-bordeaux","status":"publish","type":"post","link":"https:\/\/www.europesays.com\/fr\/63501\/","title":{"rendered":"ce qu&rsquo;il faut savoir pour circuler \u00e0 Bordeaux"},"content":{"rendered":"<p>            Par<br \/>\n        <strong><br \/>\n            <a href=\"https:\/\/actu.fr\/auteur\/redaction-bordeaux\" title=\"Consulter tous les articles de R\u00e9daction Bordeaux\" rel=\"nofollow noopener\" target=\"_blank\">R\u00e9daction Bordeaux<\/a><br \/>\n        <\/strong><\/p>\n<p>        Publi\u00e9 le<\/p>\n<p>            30 avr. 2025 \u00e0 6h32        <\/p>\n<p>Pas de tram, pas de bus, pas de <a href=\"https:\/\/actu.fr\/nouvelle-aquitaine\/bordeaux_33063\/avec-la-modification-des-lignes-du-bato-a-bordeaux-ces-habitants-se-sentent-oublies-et-meprises_61862979.html\" rel=\"nofollow noopener\" target=\"_blank\">Bato<\/a>. Le jour de la <strong>f\u00eate du travail<\/strong> \u00e0 Bordeaux, jeudi 1er mai, aucun transport en commun ne circulera sur le r\u00e9seau TBM. Bon nombre de Bordelais se laissent surprendre par la soudaine disparition de leur moyen de transport, \u00e9tant donn\u00e9 qu\u2019ils circulent en horaires de dimanche tous les autres jours f\u00e9ri\u00e9 de l\u2019ann\u00e9e.\u00a0<\/p>\n<p class=\" wall-content\">Autre information importante : les<strong> parcs relais<\/strong> d\u00e9di\u00e9s aux voitures seront eux aussi ferm\u00e9s lors de la manifestation du 1er mai et la circulation sera impact\u00e9e. Le cort\u00e8ge partira \u00e0 10h du matin de la place de la R\u00e9publique. \u00a0<\/p>\n<p>Solutions de substitution<\/p>\n<p class=\" wall-content\">Aucun bus de substitution ne circulera donc dans la m\u00e9tropole. Reste la solution des <a href=\"https:\/\/actu.fr\/nouvelle-aquitaine\/bordeaux_33063\/ciao-le-v3-place-a-de-nouveaux-velos-en-libre-service-a-bordeaux-moins-vieillots-plus-connectes_60921744.html\" rel=\"nofollow noopener\" target=\"_blank\">v\u00e9los de TBM<\/a>. Pour les longues distances, le <strong>v\u00e9lo \u00e9lectrique<\/strong> peut faire l\u2019affaire (d\u2019autant qu\u2019il devrait faire tr\u00e8s beau) : le d\u00e9crochage co\u00fbte deux euros puis les usagers devront payer 10 centimes la minute, au-del\u00e0 de 30 minutes d\u2019utilisation.<\/p>\n<p class=\" wall-content\">Pour les plus sportifs ou pour les courtes distances, la location d\u2019un<strong> v\u00e9lo TBM classique<\/strong> co\u00fbte 1 euro au d\u00e9crochage, puis dix centimes la minute au-del\u00e0 de 30 minutes d\u2019utilisation.\u00a0<\/p>\n<p class=\" wall-content\">Reste aussi la solution des trotinettes \u00e9lectriques Dott, des Uber, des Volt ou des taxis.\u00a0<\/p>\n<p>Vid\u00e9os : en ce moment sur Actu<\/p>\n<p class=\" wall-content\">Suivez toute l\u2019actualit\u00e9 de vos villes et m\u00e9dias favoris en vous inscrivant \u00e0 <a href=\"https:\/\/moncompte.actu.fr\" title=\"D\u00e9couvez Mon Actu\" rel=\"nofollow noopener\" data-trk=\"{&quot;cta&quot;:{&quot;action&quot;:&quot;https:\\\/\\\/moncompte.actu.fr&quot;,&quot;category&quot;:&quot;mon compte&quot;,&quot;from&quot;:&quot;article footer&quot;,&quot;name&quot;:&quot;Mon actu&quot;,&quot;type&quot;:&quot;cta&quot;}}\" target=\"_blank\">Mon Actu<\/a>.<\/p>\n","protected":false},"excerpt":{"rendered":"Par R\u00e9daction Bordeaux Publi\u00e9 le 30 avr. 2025 \u00e0 6h32 Pas de tram, pas de bus, pas de&hellip;\n","protected":false},"author":2,"featured_media":63502,"comment_status":"","ping_status":"","sticky":false,"template":"","format":"standard","meta":{"footnotes":""},"categories":[2817],"tags":[1111,11,1997,3542,1777,674,1011,27,12,2219,25,104,7952,2803],"class_list":{"0":"post-63501","1":"post","2":"type-post","3":"status-publish","4":"format-standard","5":"has-post-thumbnail","7":"category-bordeaux","8":"tag-actu","9":"tag-actualites","10":"tag-bordeaux","11":"tag-circulation","12":"tag-eu","13":"tag-europe","14":"tag-fr","15":"tag-france","16":"tag-news","17":"tag-nouvelle-aquitaine","18":"tag-republique-francaise","19":"tag-societe","20":"tag-tbm","21":"tag-transport"},"share_on_mastodon":{"url":"https:\/\/pubeurope.com\/@fr\/114425069822999695","error":""},"_links":{"self":[{"href":"https:\/\/www.europesays.com\/fr\/wp-json\/wp\/v2\/posts\/63501","targetHints":{"allow":["GET"]}}],"collection":[{"href":"https:\/\/www.europesays.com\/fr\/wp-json\/wp\/v2\/posts"}],"about":[{"href":"https:\/\/www.europesays.com\/fr\/wp-json\/wp\/v2\/types\/post"}],"author":[{"embeddable":true,"href":"https:\/\/www.europesays.com\/fr\/wp-json\/wp\/v2\/users\/2"}],"replies":[{"embeddable":true,"href":"https:\/\/www.europesays.com\/fr\/wp-json\/wp\/v2\/comments?post=63501"}],"version-history":[{"count":0,"href":"https:\/\/www.europesays.com\/fr\/wp-json\/wp\/v2\/posts\/63501\/revisions"}],"wp:featuredmedia":[{"embeddable":true,"href":"https:\/\/www.europesays.com\/fr\/wp-json\/wp\/v2\/media\/63502"}],"wp:attachment":[{"href":"https:\/\/www.europesays.com\/fr\/wp-json\/wp\/v2\/media?parent=63501"}],"wp:term":[{"taxonomy":"category","embeddable":true,"href":"https:\/\/www.europesays.com\/fr\/wp-json\/wp\/v2\/categories?post=63501"},{"taxonomy":"post_tag","embeddable":true,"href":"https:\/\/www.europesays.com\/fr\/wp-json\/wp\/v2\/tags?post=63501"}],"curies":[{"name":"wp","href":"https:\/\/api.w.org\/{rel}","templated":true}]}}