{"id":635011,"date":"2026-01-01T22:00:10","date_gmt":"2026-01-01T22:00:10","guid":{"rendered":"https:\/\/www.europesays.com\/fr\/635011\/"},"modified":"2026-01-01T22:00:10","modified_gmt":"2026-01-01T22:00:10","slug":"calogero-lie-a-la-famille-kretz-lagence-ce-rapport-familial-meconnu-entre-le-chanteur-et-les-experts-immobiliers","status":"publish","type":"post","link":"https:\/\/www.europesays.com\/fr\/635011\/","title":{"rendered":"Calogero li\u00e9 \u00e0 la famille Kretz (L&rsquo;Agence) : ce rapport familial m\u00e9connu entre le chanteur et les experts immobiliers"},"content":{"rendered":"<p>La suite apr\u00e8s la publicit\u00e9<\/p>\n<p>Le saviez-vous ? <a href=\"https:\/\/www.purepeople.com\/people\/calogero_p291\" target=\"_blank\" rel=\"noopener\">Calogero <\/a>poss\u00e8de un lien insoup\u00e7onn\u00e9 avec la famille <a href=\"https:\/\/www.purepeople.com\/article\/lagence-bientot-de-retour-sur-tmc-les-kretz-face-a-un-defi-de-taille-avec-une-cliente-tres-connue-elle-sait-ce-quelle-veut-et-je-peux-vous-dire-que_a544121\/1\" target=\"_blank\" rel=\"noopener\">Kretz<\/a>, mise en avant dans la s\u00e9rie L&rsquo;Agence, qui conna\u00eet un grand succ\u00e8s sur TMC et sur Netflix (la diffusion de la saison 6 a d\u00e9marr\u00e9 le 20 novembre sur la cha\u00eene du groupe TF1). Sp\u00e9cialis\u00e9 dans l&rsquo;immobilier, le clan s&rsquo;\u00e9tait rendu durant l&rsquo;\u00e9t\u00e9 2024 au Festival de la T\u00e9l\u00e9vision \u00e0 Monte-Carlo. Nos confr\u00e8res du magazine Soir Mag avait alors cherch\u00e9 \u00e0 savoir comment ils ont proc\u00e9d\u00e9 pour se faire des contacts dans le monde du showbiz.\u00a0<\/p>\n<p>Sandrine, la directrice g\u00e9n\u00e9rale de l&rsquo;agence, avait alors expliqu\u00e9 au cours de cette interview que gr\u00e2ce \u00e0 son m\u00e9tier d&rsquo;institutrice dans le 16e arrondissement de Paris, elle a c\u00f4toy\u00e9 \u00ab\u00a0des enfants dont les parents \u00e9taient parfois connus ou \u00e9taient des gens ais\u00e9s\u00a0\u00bb. Elle a alors commenc\u00e9 \u00e0 \u00ab\u00a0trouver des bien pour des parents d&rsquo;\u00e9l\u00e8ve\u00a0\u00bb. Mais elle a \u00e9galement pu profiter du fait que dans leur famille, il y a \u00ab\u00a0des musiciens connus\u00a0\u00bb, pour se faire des contacts.\u00a0<\/p>\n<p><strong>Elle pense notamment \u00e0 sa cousine Marie Bastide, chanteuse et paroli\u00e8re qui travaille avec de nombreux chanteurs et qui n&rsquo;est autre que la m\u00e8re des deux derniers enfants de Calogero, \u00e0 savoir Pio (n\u00e9 en 2013) et Rita (n\u00e9e en 2017).<\/strong> Ils s&rsquo;\u00e9taient rencontr\u00e9s en discoth\u00e8que en 2009.<\/p>\n<p>Calogero et Marie Bastide s\u00e9par\u00e9s, sont-ils rest\u00e9s en bons termes ?<\/p>\n<p>\u00a0<\/p>\n<p>\u00ab\u00a0C&rsquo;\u00e9tait une p\u00e9riode durant laquelle je sortais beaucoup et j&rsquo;adorais \u00e7a. Un soir, je me suis rendue seule au Baron, une bo\u00eete de nuit pr\u00e8s des Champs-\u00c9lys\u00e9es et c&rsquo;est l\u00e0-bas que j&rsquo;ai rencontr\u00e9 Calogero, avait-elle racont\u00e9 dans une interview accord\u00e9e \u00e0 Public. On se ressemblait, on s&rsquo;est compl\u00e9t\u00e9s sur certaines choses et ce qu&rsquo;on a v\u00e9cu artistiquement et aussi dans le cadre du priv\u00e9 a nourri nos cheminements respectifs. On a grandi et \u00e9volu\u00e9 ensemble.\u00a0\u00bb<\/p>\n<p>Si leur idylle est aujourd&rsquo;hui termin\u00e9e, ils sont aux derni\u00e8res nouvelles rest\u00e9s en tr\u00e8s bons termes. Sur le plateau de Clique, l&rsquo;interpr\u00e8te d&rsquo;En apesanteur avait confi\u00e9 ceci, au sujet de sa relation Marie Bastide : \u00ab\u00a0Est-ce qu&rsquo;on peut passer pour des fous si on se tient par la main alors que c&rsquo;est fini depuis longtemps entre nous deux ?&rsquo; \u00c7a veut dire qu&rsquo;on peut continuer \u00e0 aimer quelqu&rsquo;un m\u00eame en \u00e9tant s\u00e9par\u00e9s. Mais \u00e7a ne veut pas forc\u00e9ment dire que c&rsquo;est ma vie.\u00a0\u00bb<\/p>\n<p>A noter enfin qu&rsquo;avant de la rencontrer, il avait d\u00e9j\u00e0 go\u00fbt\u00e9 aux joies de la paternit\u00e9 avec la naissance de ses deux filles, <a href=\"https:\/\/www.purepeople.com\/article\/nina-la-fille-de-calogero-ne-fait-pas-que-lui-ressembler-a-22-ans-elle-est-aussi-talentueuse-que-lui_a540954\/1\" target=\"_blank\" rel=\"noopener\">Nina <\/a>(n\u00e9e en d\u00e9cembre 2003) et <a href=\"https:\/\/www.purepeople.com\/article\/calogero-si-fier-au-cote-de-sa-jolie-fille-le-chanteur-partage-un-tapis-rouge-prestigieux-avec-romy-photos_a529134\/1\" target=\"_blank\" rel=\"noopener\">Romy <\/a>(n\u00e9e en novembre 2006), fruits de ses amours avec Hortense d&rsquo;Est\u00e8ve. Apr\u00e8s sept ann\u00e9es de mariage, le couple a d\u00e9cid\u00e9 de divorcer.<\/p>\n<p>\u00a0<\/p>\n","protected":false},"excerpt":{"rendered":"La suite apr\u00e8s la publicit\u00e9 Le saviez-vous ? Calogero poss\u00e8de un lien insoup\u00e7onn\u00e9 avec la famille Kretz, mise&hellip;\n","protected":false},"author":2,"featured_media":635012,"comment_status":"","ping_status":"","sticky":false,"template":"","format":"standard","meta":{"footnotes":""},"categories":[1355],"tags":[58,59,1011,27,1361,873],"class_list":{"0":"post-635011","1":"post","2":"type-post","3":"status-publish","4":"format-standard","5":"has-post-thumbnail","7":"category-musique","8":"tag-divertissement","9":"tag-entertainment","10":"tag-fr","11":"tag-france","12":"tag-music","13":"tag-musique"},"share_on_mastodon":{"url":"https:\/\/pubeurope.com\/@fr\/115822095666052992","error":""},"_links":{"self":[{"href":"https:\/\/www.europesays.com\/fr\/wp-json\/wp\/v2\/posts\/635011","targetHints":{"allow":["GET"]}}],"collection":[{"href":"https:\/\/www.europesays.com\/fr\/wp-json\/wp\/v2\/posts"}],"about":[{"href":"https:\/\/www.europesays.com\/fr\/wp-json\/wp\/v2\/types\/post"}],"author":[{"embeddable":true,"href":"https:\/\/www.europesays.com\/fr\/wp-json\/wp\/v2\/users\/2"}],"replies":[{"embeddable":true,"href":"https:\/\/www.europesays.com\/fr\/wp-json\/wp\/v2\/comments?post=635011"}],"version-history":[{"count":0,"href":"https:\/\/www.europesays.com\/fr\/wp-json\/wp\/v2\/posts\/635011\/revisions"}],"wp:featuredmedia":[{"embeddable":true,"href":"https:\/\/www.europesays.com\/fr\/wp-json\/wp\/v2\/media\/635012"}],"wp:attachment":[{"href":"https:\/\/www.europesays.com\/fr\/wp-json\/wp\/v2\/media?parent=635011"}],"wp:term":[{"taxonomy":"category","embeddable":true,"href":"https:\/\/www.europesays.com\/fr\/wp-json\/wp\/v2\/categories?post=635011"},{"taxonomy":"post_tag","embeddable":true,"href":"https:\/\/www.europesays.com\/fr\/wp-json\/wp\/v2\/tags?post=635011"}],"curies":[{"name":"wp","href":"https:\/\/api.w.org\/{rel}","templated":true}]}}