{"id":635021,"date":"2026-01-01T22:05:10","date_gmt":"2026-01-01T22:05:10","guid":{"rendered":"https:\/\/www.europesays.com\/fr\/635021\/"},"modified":"2026-01-01T22:05:10","modified_gmt":"2026-01-01T22:05:10","slug":"les-grands-rendez-vous-spatiaux-de-lannee-2026","status":"publish","type":"post","link":"https:\/\/www.europesays.com\/fr\/635021\/","title":{"rendered":"les grands rendez-vous spatiaux de l\u2019ann\u00e9e 2026"},"content":{"rendered":"<p>\n    Nous avons s\u00e9lectionn\u00e9 pour vous les plus grands \u00e9v\u00e9nements du calendrier spatial des douze prochains mois.<\/p>\n<p class=\"fig-paragraph\">Quatre astronautes en route vers la Lune, une Fran\u00e7aise dans la Station spatiale internationale, des sondes pour explorer Mercure, les lunes de\u00a0<a href=\"http:\/\/www.lefigaro.fr\/sciences\/mars-la-decouverte-inattendue-d-une-graine-devoile-les-entrailles-de-la-planete-20250905\" data-fig-type=\"Article\" data-gtm-custom-categorie=\"navigation\" data-gtm-custom-action=\"crossclick\" data-gtm-custom-label=\"Contextuel\" data-gtm-event=\"customEventSPE\" data-fig-domain=\"LEFIGARO\" target=\"_blank\" rel=\"noopener\">Mars<\/a>\u00a0et des ast\u00e9ro\u00efdes, un t\u00e9lescope \u00e0 la recherche d\u2019exoplan\u00e8tes habitables\u2026 L\u2019ann\u00e9e 2026 s\u2019annonce particuli\u00e8rement riche en mati\u00e8re de recherches spatiales.<\/p>\n<p>                                                        Une Fran\u00e7aise dans l\u2019espace<\/p>\n<p class=\"fig-paragraph\">Quelle meilleure fa\u00e7on de d\u00e9buter une nouvelle ann\u00e9e, qu\u2019assise dans une capsule tout en haut d\u2019un engin de plusieurs dizaines de m\u00e8tres de haut, rempli de carburant hautement explosif\u00a0? Sophie Adenot en tout cas n\u2019\u00e9changerait cette place contre rien au monde. Le 15\u00a0f\u00e9vrier, la pilote d\u2019h\u00e9licopt\u00e8re fran\u00e7aise succ\u00e9dera \u00e0\u00a0<a href=\"http:\/\/www.lefigaro.fr\/sciences\/thomas-pesquet-et-etienne-klein-au-figaro-il-faut-reenchanter-la-science-et-l-exploration-20251118\" data-fig-type=\"Article\" data-gtm-custom-categorie=\"navigation\" data-gtm-custom-action=\"crossclick\" data-gtm-custom-label=\"Contextuel\" data-gtm-event=\"customEventSPE\" data-fig-domain=\"LEFIGARO\" target=\"_blank\" rel=\"noopener\">Thomas Pesquet<\/a>\u00a0en s\u2019\u00e9lan\u00e7ant vers l\u2019espace pour la premi\u00e8re fois. Elle prendra place \u00e0 bord de la capsule Crew Dragon de\u00a0<a href=\"http:\/\/www.lefigaro.fr\/international\/entre-13-et-16-heures-par-jour-un-ingenieur-raconte-son-travail-intense-et-passionnant-chez-spacex-20250926\" data-fig-type=\"Article\" data-gtm-custom-categorie=\"navigation\" data-gtm-custom-action=\"crossclick\" data-gtm-custom-label=\"Contextuel\" data-gtm-event=\"customEventSPE\" data-fig-domain=\"LEFIGARO\" target=\"_blank\" rel=\"noopener\">SpaceX<\/a>\u00a0\u00e0 Cap Canaveral, en Floride, et se rendra \u00e0 bord de la Station spatiale internationale (ISS) pour un s\u00e9jour de huit mois. Elle deviendra alors officiellement la 11e spationaute fran\u00e7aise, et la deuxi\u00e8me femme de notre pays apr\u00e8s Claudie Haigner\u00e9\u2026<\/p>\n<p class=\"fig-premium-paywall__infos\">\n        Cet article est r\u00e9serv\u00e9 aux abonn\u00e9s.        Il vous reste 93% \u00e0 d\u00e9couvrir.\n    <\/p>\n<p>                <img  data- alt=\"Le Figaro\" class=\"fig-img--complete fig-img\"\/><\/p>\n<p class=\"fig-premium-paywall__title\">Vous avez envie de lire la suite ?<\/p>\n<p class=\"fig-premium-paywall__subtitle\">D\u00e9bloquez tous les articles imm\u00e9diatement.<\/p>\n<p class=\"fig-premium-paywall__connect\">\n                D\u00e9j\u00e0 abonn\u00e9\u00a0?                <a class=\"fig-premium-paywall__connect-link\" href=\"https:\/\/connect.lefigaro.fr\/login?client=horizon_web&amp;type=main&amp;redirect_uri=https%3A%2F%2Fwww.lefigaro.fr%2Fsciences%2Fune-francaise-dans-l-espace-des-americains-autour-de-la-lune-les-grands-rendez-vous-spatiaux-de-l-annee-2026-20260101\" data-js-gtm=\"{&quot;customCategorie&quot;: &quot;conversion&quot;, &quot;customAction&quot;: &quot;before_Landing_Connexion_paywall_auto&quot;, &quot;customLabel&quot;: &quot;bGVmaWdhcm8uZnJfXzFmMGUyNmEzLTg4MzMtNmI5Yy04YTgwLWUxZmU5ZDM5NWM2Nl9fQXJ0aWNsZQ==_Une Fran\u00e7aise dans l\u2019espace, des Am\u00e9ricains autour de la Lune: les grands rendez-vous spatiaux de l\u2019ann\u00e9e 2026_697&quot;, &quot;customIDSPE&quot;: &quot;bGVmaWdhcm8uZnJfXzFmMGUyNmEzLTg4MzMtNmI5Yy04YTgwLWUxZmU5ZDM5NWM2Nl9fQXJ0aWNsZQ==&quot;, &quot;event&quot;: &quot;customEventSPE&quot;}\" target=\"_blank\" rel=\"noopener\"><br \/>\n                    Connectez-vous<br \/>\n                <\/a>\n            <\/p>\n","protected":false},"excerpt":{"rendered":"Nous avons s\u00e9lectionn\u00e9 pour vous les plus grands \u00e9v\u00e9nements du calendrier spatial des douze prochains mois. Quatre astronautes&hellip;\n","protected":false},"author":2,"featured_media":635022,"comment_status":"","ping_status":"","sticky":false,"template":"","format":"standard","meta":{"footnotes":""},"categories":[7],"tags":[6445,55577,386,1011,27,43,40,41,39,42,44],"class_list":{"0":"post-635021","1":"post","2":"type-post","3":"status-publish","4":"format-standard","5":"has-post-thumbnail","7":"category-sciences-et-technologies","8":"tag-ariane-6","9":"tag-cnes","10":"tag-espace","11":"tag-fr","12":"tag-france","13":"tag-science","14":"tag-science-and-technology","15":"tag-sciences","16":"tag-sciences-et-technologies","17":"tag-technologies","18":"tag-technology"},"share_on_mastodon":{"url":"https:\/\/pubeurope.com\/@fr\/115822115210993940","error":""},"_links":{"self":[{"href":"https:\/\/www.europesays.com\/fr\/wp-json\/wp\/v2\/posts\/635021","targetHints":{"allow":["GET"]}}],"collection":[{"href":"https:\/\/www.europesays.com\/fr\/wp-json\/wp\/v2\/posts"}],"about":[{"href":"https:\/\/www.europesays.com\/fr\/wp-json\/wp\/v2\/types\/post"}],"author":[{"embeddable":true,"href":"https:\/\/www.europesays.com\/fr\/wp-json\/wp\/v2\/users\/2"}],"replies":[{"embeddable":true,"href":"https:\/\/www.europesays.com\/fr\/wp-json\/wp\/v2\/comments?post=635021"}],"version-history":[{"count":0,"href":"https:\/\/www.europesays.com\/fr\/wp-json\/wp\/v2\/posts\/635021\/revisions"}],"wp:featuredmedia":[{"embeddable":true,"href":"https:\/\/www.europesays.com\/fr\/wp-json\/wp\/v2\/media\/635022"}],"wp:attachment":[{"href":"https:\/\/www.europesays.com\/fr\/wp-json\/wp\/v2\/media?parent=635021"}],"wp:term":[{"taxonomy":"category","embeddable":true,"href":"https:\/\/www.europesays.com\/fr\/wp-json\/wp\/v2\/categories?post=635021"},{"taxonomy":"post_tag","embeddable":true,"href":"https:\/\/www.europesays.com\/fr\/wp-json\/wp\/v2\/tags?post=635021"}],"curies":[{"name":"wp","href":"https:\/\/api.w.org\/{rel}","templated":true}]}}