{"id":635025,"date":"2026-01-01T22:07:15","date_gmt":"2026-01-01T22:07:15","guid":{"rendered":"https:\/\/www.europesays.com\/fr\/635025\/"},"modified":"2026-01-01T22:07:15","modified_gmt":"2026-01-01T22:07:15","slug":"la-caraibe-touchee-par-lune-des-catastrophes-climatiques-les-plus-couteuses-de-2025","status":"publish","type":"post","link":"https:\/\/www.europesays.com\/fr\/635025\/","title":{"rendered":"La Cara\u00efbe touch\u00e9e par l\u2019une des catastrophes climatiques les plus co\u00fbteuses de 2025"},"content":{"rendered":"<p class=\"svelte-qfpp5o first-paragraph\">Les dix catastrophes climatiques les plus co\u00fbteuses de l\u2019ann\u00e9e 2025 ont engendr\u00e9 au moins <b>120 milliards de dollars de pertes<\/b>, selon un rapport de l\u2019ONG britannique Christian Aid. Un chiffre en baisse par rapport \u00e0 2024, o\u00f9 les d\u00e9g\u00e2ts avaient d\u00e9pass\u00e9 les 200 milliards de dollars, mais qui illustre une nouvelle fois l\u2019ampleur des impacts \u00e9conomiques li\u00e9s au d\u00e9r\u00e8glement climatique.<\/p>\n<p class=\"svelte-qfpp5o\">Pour \u00e9tablir ce classement, l\u2019ONG s\u2019est appuy\u00e9e sur les estimations des assurances, tout en soulignant que ces chiffres restent largement sous-\u00e9valu\u00e9s, notamment dans les pays du Sud, o\u00f9 de nombreuses populations ne sont pas assur\u00e9es.<\/p>\n<p>L\u2019ouragan M\u00e9lissa, symbole de la vuln\u00e9rabilit\u00e9 carib\u00e9enne<\/p>\n<p class=\"svelte-qfpp5o\">Parmi ces \u00e9v\u00e9nements majeurs figure l\u2019ouragan M\u00e9lissa, qui a frapp\u00e9 la Cara\u00efbe \u00e0 la fin du mois d\u2019octobre et au d\u00e9but novembre. <a class=\"article-link svelte-123pfsg\" href=\"https:\/\/la1ere.franceinfo.fr\/martinique\/ouragan-melissa-deja-4-morts-la-jamaique-en-alerte-maximale-alors-que-le-systeme-atteint-la-categorie-4-1636990.html\" target=\"_blank\" rel=\"noopener noreferrer nofollow\">La temp\u00eate a balay\u00e9 la Jama\u00efque<\/a>, <a class=\"article-link svelte-123pfsg\" href=\"https:\/\/la1ere.franceinfo.fr\/martinique\/la-tempete-tropicale-melissa-se-renforce-lentement-au-sud-d-haiti-une-intensification-en-ouragan-envisagee-pas-d-impact-sur-la-martinique-1635919.html\" target=\"_blank\" rel=\"noopener noreferrer nofollow\">Ha\u00efti <\/a>et <a class=\"article-link svelte-123pfsg\" href=\"https:\/\/la1ere.franceinfo.fr\/martinique\/l-il-de-l-ouragan-melissa-quitte-la-jamaique-et-se-dirige-vers-cuba-1637857.html\" target=\"_blank\" rel=\"noopener noreferrer nofollow\">Cuba<\/a>, provoquant <a class=\"article-link svelte-123pfsg\" href=\"https:\/\/la1ere.franceinfo.fr\/martinique\/ouragan-melissa-apres-des-devastations-inimaginables-en-jamaique-l-unesco-donne-la-priorite-a-la-sauvegarde-des-vies-humaines-1637998.html\" target=\"_blank\" rel=\"noopener noreferrer nofollow\">d\u2019importantes destructions d\u2019infrastructures, des pertes agricoles massives et des milliers de sinistr\u00e9s<\/a>.<\/p>\n<p class=\"svelte-qfpp5o\"><b>Les d\u00e9g\u00e2ts sont estim\u00e9s \u00e0 plus de 8 milliards de dollars<\/b>, pla\u00e7ant M\u00e9lissa parmi les catastrophes climatiques les plus co\u00fbteuses de l\u2019ann\u00e9e. Un impact consid\u00e9rable pour des territoires insulaires o\u00f9 les capacit\u00e9s de reconstruction restent limit\u00e9es et fortement d\u00e9pendantes de l\u2019aide internationale.<\/p>\n<p>La Cara\u00efbe face \u00e0 des \u00e9v\u00e9nements extr\u00eames de plus en plus fr\u00e9quents<\/p>\n<p class=\"svelte-qfpp5o\">Si les m\u00e9gafeux de Los Angeles (plus de 60 milliards de dollars de d\u00e9g\u00e2ts) et les cyclones meurtriers d\u2019Asie du Sud-Est dominent le classement mondial, la situation dans la Cara\u00efbe illustre une autre r\u00e9alit\u00e9 : celle de territoires expos\u00e9s \u00e0 des cyclones plus intenses et plus destructeurs, directement li\u00e9s au r\u00e9chauffement des oc\u00e9ans.<\/p>\n<p class=\"svelte-qfpp5o\">Christian Aid rappelle que les estimations financi\u00e8res ne refl\u00e8tent pas l\u2019ensemble des pertes humaines, sociales et environnementales, notamment dans des pays comme Ha\u00efti, o\u00f9 les donn\u00e9es sont partielles et les assurances quasi inexistantes.<\/p>\n<p>Des pertes invisibles et une adaptation insuffisante<\/p>\n<p class=\"svelte-qfpp5o\">Au-del\u00e0 des dix catastrophes recens\u00e9es, l\u2019ONG cite d\u2019autres drames climatiques pass\u00e9s sous les radars m\u00e9diatiques, comme les inondations meurtri\u00e8res au Nigeria ou la s\u00e9cheresse persistante en Iran. <\/p>\n<p class=\"svelte-qfpp5o\">Pour Christian Aid, ces catastrophes auraient pu \u00eatre att\u00e9nu\u00e9es par une action climatique plus ambitieuse. L\u2019ONG se dit notamment d\u00e9\u00e7ue par les engagements pr\u00e9sent\u00e9s lors de la COP30 de Bel\u00e9m, jug\u00e9s insuffisants face \u00e0 l\u2019urgence.<\/p>\n<p>Un appel \u00e0 l\u2019action <\/p>\n<p class=\"svelte-qfpp5o\">\u00ab Ces catastrophes climatiques nous alertent sur ce qui nous attend si nous n\u2019acc\u00e9l\u00e9rons pas la transition \u00e9nerg\u00e9tique \u00bb, pr\u00e9vient Patrick Watt, directeur g\u00e9n\u00e9ral de Christian Aid.<\/p>\n<p class=\"svelte-qfpp5o\">Il insiste \u00e9galement sur la n\u00e9cessit\u00e9 d\u2019investir massivement dans l\u2019adaptation : \u00ab Elles soulignent \u00e9galement l\u2019urgence de l\u2019adaptation, notamment dans les pays du Sud, o\u00f9 les ressources sont limit\u00e9es et les populations particuli\u00e8rement vuln\u00e9rables aux chocs climatiques.\u00bb<\/p>\n","protected":false},"excerpt":{"rendered":"Les dix catastrophes climatiques les plus co\u00fbteuses de l\u2019ann\u00e9e 2025 ont engendr\u00e9 au moins 120 milliards de dollars&hellip;\n","protected":false},"author":2,"featured_media":635026,"comment_status":"","ping_status":"","sticky":false,"template":"","format":"standard","meta":{"footnotes":""},"categories":[5],"tags":[11,1011,27,14,12,28],"class_list":{"0":"post-635025","1":"post","2":"type-post","3":"status-publish","4":"format-standard","5":"has-post-thumbnail","7":"category-international","8":"tag-actualites","9":"tag-fr","10":"tag-france","11":"tag-international","12":"tag-news","13":"tag-world"},"share_on_mastodon":{"url":"https:\/\/pubeurope.com\/@fr\/115822123046690982","error":""},"_links":{"self":[{"href":"https:\/\/www.europesays.com\/fr\/wp-json\/wp\/v2\/posts\/635025","targetHints":{"allow":["GET"]}}],"collection":[{"href":"https:\/\/www.europesays.com\/fr\/wp-json\/wp\/v2\/posts"}],"about":[{"href":"https:\/\/www.europesays.com\/fr\/wp-json\/wp\/v2\/types\/post"}],"author":[{"embeddable":true,"href":"https:\/\/www.europesays.com\/fr\/wp-json\/wp\/v2\/users\/2"}],"replies":[{"embeddable":true,"href":"https:\/\/www.europesays.com\/fr\/wp-json\/wp\/v2\/comments?post=635025"}],"version-history":[{"count":0,"href":"https:\/\/www.europesays.com\/fr\/wp-json\/wp\/v2\/posts\/635025\/revisions"}],"wp:featuredmedia":[{"embeddable":true,"href":"https:\/\/www.europesays.com\/fr\/wp-json\/wp\/v2\/media\/635026"}],"wp:attachment":[{"href":"https:\/\/www.europesays.com\/fr\/wp-json\/wp\/v2\/media?parent=635025"}],"wp:term":[{"taxonomy":"category","embeddable":true,"href":"https:\/\/www.europesays.com\/fr\/wp-json\/wp\/v2\/categories?post=635025"},{"taxonomy":"post_tag","embeddable":true,"href":"https:\/\/www.europesays.com\/fr\/wp-json\/wp\/v2\/tags?post=635025"}],"curies":[{"name":"wp","href":"https:\/\/api.w.org\/{rel}","templated":true}]}}