{"id":635038,"date":"2026-01-01T22:18:12","date_gmt":"2026-01-01T22:18:12","guid":{"rendered":"https:\/\/www.europesays.com\/fr\/635038\/"},"modified":"2026-01-01T22:18:12","modified_gmt":"2026-01-01T22:18:12","slug":"mort-dun-sans-abri-a-montpellier-appel-a-la-vigilance-dans-lattente-dune-activation-du-plan-grand-froid","status":"publish","type":"post","link":"https:\/\/www.europesays.com\/fr\/635038\/","title":{"rendered":"Mort d\u2019un sans-abri \u00e0 Montpellier\u00a0: appel \u00e0 la vigilance dans l\u2019attente d\u2019une activation du plan grand froid"},"content":{"rendered":"<p>\n                                                                Si le plan \u00ab\u00a0grand froid\u00a0\u00bb n\u2019a pas \u00e9t\u00e9 activ\u00e9 dans le d\u00e9partement, la pr\u00e9fecture indique qu\u2019une veille tr\u00e8s active a \u00e9t\u00e9 mise en \u0153uvre afin d\u2019assurer l\u2019h\u00e9bergement des personnes les plus vuln\u00e9rables. Ce mardi, un homme \u00e2g\u00e9 de 29 ans est d\u00e9c\u00e9d\u00e9 apr\u00e8s avoir \u00e9t\u00e9 retrouv\u00e9 en situation d\u2019hypothermie.\n                            <\/p>\n<p>L\u2019\u00e9pisode de froid intense v\u00e9cu sur la ville devrait encore se prolonger quelques jours. Le ressenti a parfois atteint les \u2013 5\u00b0 degr\u00e9s au cours des derni\u00e8res nuits. \u00ab\u00a0Les temp\u00e9ratures qui restent en particulier positives en journ\u00e9e n\u2019ont pas conduit M\u00e9t\u00e9o-France \u00e0 modifier la vigilance verte sur le risque grand froid et n\u2019appellent, par cons\u00e9quent, pas \u00e0 d\u00e9clencher le plan grand froid\u00a0\u00bb\u00a0a indiqu\u00e9 la pr\u00e9fecture, ce mercredi en fin de journ\u00e9e \u00e9voquant cependant des \u00ab\u00a0risques r\u00e9els\u00a0\u00bb\u00a0pour les personnes expos\u00e9es.<\/p>\n<p>Un sans-abri lituanien d\u00e9c\u00e9d\u00e9 mardi<\/p>\n<p>Une communication intervenue alors que la veille, un homme de 29 ans, de nationalit\u00e9 lituanienne a \u00e9t\u00e9 retrouv\u00e9 inanim\u00e9 dans la zone de Tournezy. Connu des services d\u2019aide aux sans-abri, il est d\u00e9c\u00e9d\u00e9 d\u2019hypothermie \u00e0 l\u2019h\u00f4pital. \u00ab\u00a0Dans ce contexte, m\u00eame en dehors du plan grand froid, une veille tr\u00e8s active est mise en place par l\u2019ensemble des services concern\u00e9s et des mesures sont prises pour veiller \u00e0 l\u2019h\u00e9bergement des personnes les plus vuln\u00e9rables et palier au maximum les risques que cette situation fait courir aux personnes, notamment par un renforcement des maraudes\u00a0\u00bb\u00a0pr\u00e9cisent les services de l\u2019\u00c9tat.<\/p>\n<p>L\u2019un des objectifs est de fournir rapidement aux associations de terrain, des sacs de couchage renforc\u00e9s contre le froid pour les personnes qui continuent de dormir dehors.<\/p>\n<p>34 d\u00e9c\u00e8s dans la rue en 2025<\/p>\n<p>En visite aupr\u00e8s de la maraude du Samu social ce mercredi soir de la Saint-Sylvestre, la pr\u00e9f\u00e8te Chantal Mauchet a pu se rendre compte des besoins.<br \/>La petite \u00e9quipe de l\u2019Avitarelle n\u2019avait plus de sacs de couchage \u00e0 fournir aux personnes venues \u00e0 sa rencontre au pied du Corum. \u00ab\u00a0On estime que 100 enfants passent la nuit dehors \u00e0 Montpellier. On manque de place d\u2019h\u00e9bergement. Une directrice d\u2019association ne vous dira pas l\u2019inverse\u00a0\u00bb\u00a0a soulign\u00e9 St\u00e9phanie Delbrel, la directrice de l\u2019Avitarelle devant la repr\u00e9sentante de l\u2019\u00c9tat, son directeur de cabinet et Fran\u00e7ois Delemotte, le responsable de la direction de l\u2019emploi, du travail et de la solidarit\u00e9 (Deets).<\/p>\n<p>Le d\u00e9partement dispose actuellement de 2\u00a0700 places d\u2019h\u00e9bergement d\u2019urgence, 3\u00a0400 si l\u2019on y int\u00e8gre les mises \u00e0 l\u2019abri hivernales mais le num\u00e9ro d\u2019urgence 115 charg\u00e9 d\u2019orienter les personnes vuln\u00e9rables, est r\u00e9guli\u00e8rement satur\u00e9 d\u2019appels et peine \u00e0 trouver des r\u00e9ponses pour chaque situation.<\/p>\n<p>Selon un salari\u00e9 de l\u2019Avitarelle, 34 personnes sont d\u00e9c\u00e9d\u00e9es dans la rue \u00e0 Montpellier en 2025 pour des raisons diverses, fragilit\u00e9 aux conditions climatiques mais aussi toxicomanie et sant\u00e9 tr\u00e8s pr\u00e9caire.<\/p>\n","protected":false},"excerpt":{"rendered":"Si le plan \u00ab\u00a0grand froid\u00a0\u00bb n\u2019a pas \u00e9t\u00e9 activ\u00e9 dans le d\u00e9partement, la pr\u00e9fecture indique qu\u2019une veille tr\u00e8s&hellip;\n","protected":false},"author":2,"featured_media":635039,"comment_status":"","ping_status":"","sticky":false,"template":"","format":"standard","meta":{"footnotes":""},"categories":[9599],"tags":[1111,11,1777,674,1011,27,7089,2208,12,2680,25,801,1857],"class_list":{"0":"post-635038","1":"post","2":"type-post","3":"status-publish","4":"format-standard","5":"has-post-thumbnail","7":"category-montpellier","8":"tag-actu","9":"tag-actualites","10":"tag-eu","11":"tag-europe","12":"tag-fr","13":"tag-france","14":"tag-herault","15":"tag-montpellier","16":"tag-news","17":"tag-occitanie","18":"tag-republique-francaise","19":"tag-social","20":"tag-sociu00e9tu00e9"},"share_on_mastodon":{"url":"https:\/\/pubeurope.com\/@fr\/115822166267735698","error":""},"_links":{"self":[{"href":"https:\/\/www.europesays.com\/fr\/wp-json\/wp\/v2\/posts\/635038","targetHints":{"allow":["GET"]}}],"collection":[{"href":"https:\/\/www.europesays.com\/fr\/wp-json\/wp\/v2\/posts"}],"about":[{"href":"https:\/\/www.europesays.com\/fr\/wp-json\/wp\/v2\/types\/post"}],"author":[{"embeddable":true,"href":"https:\/\/www.europesays.com\/fr\/wp-json\/wp\/v2\/users\/2"}],"replies":[{"embeddable":true,"href":"https:\/\/www.europesays.com\/fr\/wp-json\/wp\/v2\/comments?post=635038"}],"version-history":[{"count":0,"href":"https:\/\/www.europesays.com\/fr\/wp-json\/wp\/v2\/posts\/635038\/revisions"}],"wp:featuredmedia":[{"embeddable":true,"href":"https:\/\/www.europesays.com\/fr\/wp-json\/wp\/v2\/media\/635039"}],"wp:attachment":[{"href":"https:\/\/www.europesays.com\/fr\/wp-json\/wp\/v2\/media?parent=635038"}],"wp:term":[{"taxonomy":"category","embeddable":true,"href":"https:\/\/www.europesays.com\/fr\/wp-json\/wp\/v2\/categories?post=635038"},{"taxonomy":"post_tag","embeddable":true,"href":"https:\/\/www.europesays.com\/fr\/wp-json\/wp\/v2\/tags?post=635038"}],"curies":[{"name":"wp","href":"https:\/\/api.w.org\/{rel}","templated":true}]}}