{"id":635042,"date":"2026-01-01T22:20:10","date_gmt":"2026-01-01T22:20:10","guid":{"rendered":"https:\/\/www.europesays.com\/fr\/635042\/"},"modified":"2026-01-01T22:20:10","modified_gmt":"2026-01-01T22:20:10","slug":"les-maries-de-larmada-adele-et-julien-dore-revivez-les-belles-histoires-de-2025-a-rouen-et-au-havre","status":"publish","type":"post","link":"https:\/\/www.europesays.com\/fr\/635042\/","title":{"rendered":"Les mari\u00e9s de l&rsquo;Armada, Ad\u00e8le et Julien Dor\u00e9&#8230; Revivez les belles histoires de 2025 \u00e0 Rouen et au Havre"},"content":{"rendered":"<p>                    Par<br \/>\n        <strong><br \/>\n            <a href=\"https:\/\/actu.fr\/auteur\/julien-bouteiller\" title=\"Consulter tous les articles de Julien Bouteiller\" target=\"_blank\" rel=\"noopener\">Julien Bouteiller<\/a><br \/>\n                    <\/strong><\/p>\n<p>        Publi\u00e9 le<\/p>\n<p>            1 janv. 2026 \u00e0 17h31        <\/p>\n<p>Non, les belles histoires n\u2019arrivent pas seulement dans les romans\u2026 Parfois, c\u2019est aussi dans notre quotidien. Une fois n\u2019est pas coutume, voici <strong>uniquement des informations positives<\/strong> qui se sont d\u00e9roul\u00e9es \u00e0 Rouen ou au\u00a0Havre au cours de<strong> l\u2019ann\u00e9e 2025<\/strong>.<\/p>\n<p>Des r\u00e9cits qui donnent le sourire<\/p>\n<p class=\" wall-content\">Voici de la lecture pour vous redonner le sourire avant de tourner la page de l\u2019ann\u00e9e 2025.<\/p>\n<p class=\"expresso-item wall-content\"><a title=\"Lire l&#039;article\" href=\"https:\/\/actu.fr\/normandie\/rouen_76540\/la-belle-histoire-ils-se-sont-rencontres-a-l-armada-de-rouen-et-viennent-de-se-marier_63406199.html\" target=\"_blank\" rel=\"noopener\"><strong>La belle histoire\u2009: ils se sont rencontr\u00e9s \u00e0 l\u2019Armada de Rouen et viennent de se marier<\/strong><\/a><br \/>Il\u00e9ane et Bryan se sont rencontr\u00e9s \u00e0 l\u2019Armada de Rouen en 2019, alors qu\u2019il \u00e9tait \u00e9l\u00e8ve marin \u00e0 bord du navire mexicain le Cuauht\u00e9moc. Ils viennent de se marier au Mexique.<\/p>\n<p class=\"expresso-item wall-content\"><a title=\"Lire l&#039;article\" href=\"https:\/\/actu.fr\/normandie\/boos_76116\/julien-dore-a-tenu-sa-promesse-et-a-rencontre-adele-au-zenith_63297885.html\" target=\"_blank\" rel=\"noopener\"><strong>Julien Dor\u00e9 a tenu sa promesse et a rencontr\u00e9 Ad\u00e8le, au Z\u00e9nith de Rouen : \u00ab\u00a0C\u2019\u00e9tait magique ! \u00bb<\/strong><\/a><br \/>Comme il l\u2019avait promis, Julien Dor\u00e9 a rencontr\u00e9 Ad\u00e8le lors de son spectacle au Z\u00e9nith de Rouen, le 4 octobre 2025. La fillette en a encore des \u00e9toiles plein les yeux.<\/p>\n<p class=\"expresso-item wall-content\"><a title=\"Lire l&#039;article\" href=\"https:\/\/actu.fr\/normandie\/le-havre_76351\/ils-l-ont-obtenu-apres-la-guerre-elle-reprend-le-cafe-de-ses-arriere-arriere-grands-parents-au-havre_63005755.html\" target=\"_blank\" rel=\"noopener\"><strong>\u00ab\u2009Ils l\u2019ont obtenu apr\u00e8s la guerre\u2009\u00bb\u2009: elle reprend le caf\u00e9 de ses arri\u00e8re-arri\u00e8re-grands parents au\u00a0Havre<\/strong><\/a><br \/>Louise Buannec a repris le caf\u00e9 de ses arri\u00e8re-arri\u00e8re-grands-parents pour ouvrir Le P\u2019tit Sas, un caf\u00e9 dans le quartier Saint-Fran\u00e7ois du\u00a0Havre.<\/p>\n<p class=\"expresso-item wall-content\"><a title=\"Lire l&#039;article\" href=\"https:\/\/actu.fr\/normandie\/buchy_76146\/apres-treize-ans-a-lecole-de-buchy-le-directeur-sebastien-rassent-part-a-neufchatel-en-bray_62887124.html\" target=\"_blank\" rel=\"noopener\"><strong>\u00ab\u2009On a un petit pincement au c\u0153ur\u2009\u00bb\u2009: pr\u00e8s de Rouen, un au revoir au directeur de l\u2019\u00e9cole<\/strong><\/a><br \/>Apr\u00e8s treize ann\u00e9es \u00e0 l\u2019\u00e9cole Bernard Lemaistre de Buchy, le directeur S\u00e9bastien Rassent part. Les enseignants \u00e9taient rassembl\u00e9s mardi 1er\u00a0juillet pour saluer son parcours.<\/p>\n<p>De jolis sauvetages<\/p>\n<p class=\"expresso-item wall-content\"><a title=\"Lire l&#039;article\" href=\"https:\/\/actu.fr\/normandie\/rouen_76540\/pierrette-tortue-jetee-a-la-poubelle-a-rouen-des-proprietaires-se-manifestent-pour-la-recuperer_62895905.html\" target=\"_blank\" rel=\"noopener\"><strong>Pierrette, tortue jet\u00e9e \u00e0 la poubelle \u00e0 Rouen\u2009: des \u00ab\u2009propri\u00e9taires\u2009\u00bb se manifestent pour la r\u00e9cup\u00e9rer<\/strong><\/a><br \/>D\u00e9but juillet\u00a02025, Pierrette, une petite tortue de terre, avait \u00e9t\u00e9 d\u00e9couverte au milieu des d\u00e9chets dans le centre de tri du Sm\u00e9dar \u00e0 Rouen.<\/p>\n<p class=\"expresso-item wall-content\"><a title=\"Lire l&#039;article\" href=\"https:\/\/actu.fr\/normandie\/rouen_76540\/medecin-a-rouen-il-a-secouru-une-passagere-lors-d-un-vol-en-avion-c-est-intimidant-comme-situation_62711237.html\" target=\"_blank\" rel=\"noopener\"><strong>M\u00e9decin \u00e0 Rouen, il a secouru une passag\u00e8re lors d\u2019un vol en avion\u2009: \u00ab\u2009C\u2019est intimidant comme situation\u2009\u00bb<\/strong><\/a><br \/>Gr\u00e9goire Cauchois, m\u00e9decin cardiologue \u00e0 Rouen, a eu un vol mouvement\u00e9 alors qu\u2019il se rendait en vacances. Il a d\u00fb secourir une passag\u00e8re qui faisait un malaise. Il t\u00e9moigne.<\/p>\n<p class=\"expresso-item wall-content\"><a title=\"Lire l&#039;article\" href=\"https:\/\/actu.fr\/normandie\/maromme_76410\/dans-cet-ehpad-pres-de-rouen-on-trouve-une-place-du-village-avec-de-vrais-commerces_62588077.html\" target=\"_blank\" rel=\"noopener\"><strong>Dans cet Ehpad pr\u00e8s de Rouen, on trouve une \u00ab\u2009place du village\u2009\u00bb avec de vrais commerces\u2009!<\/strong><\/a><br \/>Depuis plus de 10\u00a0ans, \u00e0 Maromme, un Ehpad poss\u00e8de une place de village avec de vrais commerces, ouverte \u00e0 tous. Un concept encore in\u00e9dit en France.<\/p>\n<p class=\"expresso-item wall-content\"><a title=\"Lire l&#039;article\" href=\"https:\/\/actu.fr\/normandie\/preaux_76509\/une-habitante-de-preaux-a-reussi-a-decrypter-lenigme-bromure-de-polenta_62423559.html\" target=\"_blank\" rel=\"noopener\"><strong>Elle a r\u00e9ussi \u00e0 percer cette \u00e9nigme pr\u00e8s de Rouen (et on vous explique les secrets)<\/strong><\/a><br \/>L\u2019\u00e9nigme imagin\u00e9e par Fabien Gon\u00e7alves, un habitant de Pr\u00e9aux, a \u00e9t\u00e9 r\u00e9solue par une habitante du village. Et la r\u00e9solution n\u2019\u00e9tait pas des plus simples. Explications\u2026<\/p>\n<p class=\"expresso-item wall-content\"><a title=\"Lire l&#039;article\" href=\"https:\/\/actu.fr\/normandie\/le-havre_76351\/on-savait-qu-on-le-ferait-un-jour-ces-havrais-ont-tout-plaque-pour-voyager-autour-du-monde_62324631.html\" target=\"_blank\" rel=\"noopener\"><strong>Ce couple de Havrais a tout quitt\u00e9 pour voyager autour du monde\u2009: \u00ab\u2009On savait qu\u2019on le ferait un jour\u2009\u00bb<\/strong><\/a><br \/>Deux jeunes Havrais, Mathilde et Jeremy ont vendu leur maison et leur voiture pour partir faire le tour du monde. Un mois apr\u00e8s leur d\u00e9part, ils nous racontaient leur aventure.<\/p>\n<p class=\"expresso-item wall-content\"><a title=\"Lire l&#039;article\" href=\"https:\/\/actu.fr\/normandie\/blainville-crevon_76100\/une-genereuse-blainvillaise-fait-don-de-80-000-euros-a-la-commune_62062037.html\" target=\"_blank\" rel=\"noopener\"><strong>En Seine-Maritime, elle donne 80\u2009000\u00a0euros \u00e0 son village\u2009: \u00ab\u2009Je ne savais pas quoi dire\u2009\u00bb<\/strong><\/a><br \/>La c\u00e9r\u00e9monie des v\u0153ux de Blainville-Crevon a traditionnellement lieu avant No\u00ebl. Cette ann\u00e9e, une nouvelle sensationnelle attendait les habitants. Explications\u2026<\/p>\n<p class=\"expresso-item wall-content\"><a title=\"Lire l&#039;article\" href=\"https:\/\/actu.fr\/normandie\/le-havre_76351\/survivant-de-trois-cancers-cet-ancien-chanteur-havrais-veut-donner-sa-force-aux-autres-malades_62542987.html\" target=\"_blank\" rel=\"noopener\"><strong>Survivant de trois cancers, cet ancien chanteur havrais veut donner sa force aux autres malades<\/strong><\/a><br \/>Bruno Gatineau, 67\u00a0ans, a travers\u00e9 trois cancers depuis 2019. Cet ancien chanteur vit au\u00a0Havre. Il a gard\u00e9 le sourire et veut partager son \u00e9lan de vie \u00e0 d\u2019autres.<\/p>\n<p>Suivez l\u2019actualit\u00e9 de Rouen et du\u00a0Havre sur <a href=\"https:\/\/www.whatsapp.com\/channel\/0029VaFqJYE8aKvLBwVrEe0o\" target=\"_blank\" rel=\"noopener\">notre cha\u00eene WhatsApp<\/a> et sur <a href=\"https:\/\/www.tiktok.com\/@76actu.fr?lang=fr\" target=\"_blank\" rel=\"noopener\">notre compte TikTok<\/a><\/p>\n<p class=\" wall-content\">Personnalisez votre actualit\u00e9 en ajoutant vos villes et m\u00e9dias en favori avec <a href=\"https:\/\/moncompte.actu.fr\" title=\"D\u00e9couvez Mon Actu\" rel=\"nofollow noopener\" data-trk=\"{&quot;cta&quot;:{&quot;action&quot;:&quot;https:\\\/\\\/moncompte.actu.fr&quot;,&quot;category&quot;:&quot;mon compte&quot;,&quot;from&quot;:&quot;article footer&quot;,&quot;name&quot;:&quot;Mon actu&quot;,&quot;type&quot;:&quot;cta&quot;}}\" target=\"_blank\">Mon Actu<\/a>.<\/p>\n<p>                    <script async src=\"\/\/www.tiktok.com\/embed.js\"><\/script><\/p>\n","protected":false},"excerpt":{"rendered":"Par Julien Bouteiller Publi\u00e9 le 1 janv. 2026 \u00e0 17h31 Non, les belles histoires n\u2019arrivent pas seulement dans&hellip;\n","protected":false},"author":2,"featured_media":635043,"comment_status":"","ping_status":"","sticky":false,"template":"","format":"standard","meta":{"footnotes":""},"categories":[9587],"tags":[1111,11,22718,101,1777,674,1011,27,1757,12,5161,25,9590,9894],"class_list":{"0":"post-635042","1":"post","2":"type-post","3":"status-publish","4":"format-standard","5":"has-post-thumbnail","7":"category-rouen","8":"tag-actu","9":"tag-actualites","10":"tag-armada","11":"tag-cancer","12":"tag-eu","13":"tag-europe","14":"tag-fr","15":"tag-france","16":"tag-insolite","17":"tag-news","18":"tag-normandie","19":"tag-republique-francaise","20":"tag-rouen","21":"tag-zenith-de-rouen"},"share_on_mastodon":{"url":"https:\/\/pubeurope.com\/@fr\/115822173987848378","error":""},"_links":{"self":[{"href":"https:\/\/www.europesays.com\/fr\/wp-json\/wp\/v2\/posts\/635042","targetHints":{"allow":["GET"]}}],"collection":[{"href":"https:\/\/www.europesays.com\/fr\/wp-json\/wp\/v2\/posts"}],"about":[{"href":"https:\/\/www.europesays.com\/fr\/wp-json\/wp\/v2\/types\/post"}],"author":[{"embeddable":true,"href":"https:\/\/www.europesays.com\/fr\/wp-json\/wp\/v2\/users\/2"}],"replies":[{"embeddable":true,"href":"https:\/\/www.europesays.com\/fr\/wp-json\/wp\/v2\/comments?post=635042"}],"version-history":[{"count":0,"href":"https:\/\/www.europesays.com\/fr\/wp-json\/wp\/v2\/posts\/635042\/revisions"}],"wp:featuredmedia":[{"embeddable":true,"href":"https:\/\/www.europesays.com\/fr\/wp-json\/wp\/v2\/media\/635043"}],"wp:attachment":[{"href":"https:\/\/www.europesays.com\/fr\/wp-json\/wp\/v2\/media?parent=635042"}],"wp:term":[{"taxonomy":"category","embeddable":true,"href":"https:\/\/www.europesays.com\/fr\/wp-json\/wp\/v2\/categories?post=635042"},{"taxonomy":"post_tag","embeddable":true,"href":"https:\/\/www.europesays.com\/fr\/wp-json\/wp\/v2\/tags?post=635042"}],"curies":[{"name":"wp","href":"https:\/\/api.w.org\/{rel}","templated":true}]}}