{"id":635046,"date":"2026-01-01T22:29:13","date_gmt":"2026-01-01T22:29:13","guid":{"rendered":"https:\/\/www.europesays.com\/fr\/635046\/"},"modified":"2026-01-01T22:29:13","modified_gmt":"2026-01-01T22:29:13","slug":"un-deal-fou-pour-deux-joueurs-avec-le-real-madrid","status":"publish","type":"post","link":"https:\/\/www.europesays.com\/fr\/635046\/","title":{"rendered":"un deal fou pour deux joueurs avec le Real Madrid ?"},"content":{"rendered":"<p>Rennes va-t-il se retrouver au centre d\u2019un \u00e9change spectaculaire avec le <a href=\"https:\/\/www.onzemondial.com\/etranger\/real-madrid.html\" target=\"_blank\" rel=\"noopener\">Real Madrid<\/a> cet hiver\u00a0? Selon les informations relay\u00e9es par Mohamed Toubache-Ter, un deal \u00e0 double sens serait en pr\u00e9paration entre les Rouge et Noir et la Maison Blanche. L\u2019id\u00e9e : un pr\u00eat de Franco Mastantuono au SRFC, en parall\u00e8le d\u2019une possible future vente de J\u00e9r\u00e9mie Jacquet au Real.<\/p>\n<p>Mastantuono, l&rsquo;ailier argentin de 18 ans recrut\u00e9 cet \u00e9t\u00e9 pour 45 millions d\u2019euros \u00e0 River Plate, a connu un d\u00e9but de saison mitig\u00e9 \u00e0 Madrid. Apr\u00e8s des d\u00e9buts prometteurs, il a progressivement perdu du temps de jeu sous Xabi Alonso, qui le voit comme un joker plut\u00f4t que comme un titulaire. Le joueur, ambitieux et d\u00e9sireux de jouer r\u00e9guli\u00e8rement, verrait d\u2019un bon \u0153il un passage en Ligue 1 pour la deuxi\u00e8me partie de saison, \u00e0 l\u2019instar d&rsquo;Endrick \u00e0 l&rsquo;OL.<\/p>\n<p>A lire aussi :Mastantuono \u00e0 Rennes, Jacquet au Real Madrid ?<\/p>\n<p>Le Stade Rennais, de son c\u00f4t\u00e9, pourrait profiter de cette opportunit\u00e9 pour r\u00e9pondre \u00e0 un besoin tactique sur le flanc droit. Le poste de piston droit, actuellement occup\u00e9 par Przemyslaw Frankowski, ne satisfait pas pleinement le staff rennais. Mastantuono, gaucher et offensif, pourrait parfaitement compl\u00e9ter Mousa Al-Tamari sur l\u2019autre aile, offrant plus de dynamisme et de cr\u00e9ativit\u00e9 au couloir droit.<\/p>\n<p>Le second volet de l\u2019op\u00e9ration concerne J\u00e9r\u00e9my Jacquet, d\u00e9fenseur central de 20 ans tr\u00e8s courtis\u00e9 par le Real Madrid. L\u2019id\u00e9e d\u2019un pr\u00eat de Mastantuono en \u00e9change d\u2019un transfert futur de Jacquet permettrait aux deux clubs de s\u00e9curiser leurs int\u00e9r\u00eats : Rennes renforcerait son attaque sur le court terme, tandis que Madrid pr\u00e9parerait l\u2019avenir avec un jeune d\u00e9fenseur prometteur.<\/p>\n<p>   Partagez cette info avec vos amis et vos proches en cliquant ici<br \/> Pour r\u00e9sumer<\/p>\n<p>Rennes et le Real Madrid pourraient conclure un \u00e9change audacieux : le jeune ailier argentin Franco Mastantuono serait pr\u00eat\u00e9 au SRFC cet hiver, tandis que le d\u00e9fenseur rennais J\u00e9r\u00e9mie Jacquet pourrait rejoindre Madrid \u00e0 l\u2019\u00e9t\u00e9. Rennes renforcerait son attaque, et le Real s\u00e9curiserait un talent d\u00e9fensif prometteur.<\/p>\n<p>R\u00e9dacteur<\/p>\n<p><img decoding=\"async\" width=\"76\" height=\"76\" loading=\"lazy\" src=\"https:\/\/www.europesays.com\/fr\/wp-content\/uploads\/2025\/04\/logo-julien-pedebos.jpg\" alt=\"Julien P\u00e9debos\"\/><\/p>\n","protected":false},"excerpt":{"rendered":"Rennes va-t-il se retrouver au centre d\u2019un \u00e9change spectaculaire avec le Real Madrid cet hiver\u00a0? Selon les informations&hellip;\n","protected":false},"author":2,"featured_media":635047,"comment_status":"","ping_status":"","sticky":false,"template":"","format":"standard","meta":{"footnotes":""},"categories":[2821],"tags":[1111,11,829,1777,674,1011,27,66,12,4790,584,25,10662],"class_list":{"0":"post-635046","1":"post","2":"type-post","3":"status-publish","4":"format-standard","5":"has-post-thumbnail","7":"category-rennes","8":"tag-actu","9":"tag-actualites","10":"tag-bretagne","11":"tag-eu","12":"tag-europe","13":"tag-fr","14":"tag-france","15":"tag-ligue-1","16":"tag-news","17":"tag-real-madrid","18":"tag-rennes","19":"tag-republique-francaise","20":"tag-transferts"},"share_on_mastodon":{"url":"https:\/\/pubeurope.com\/@fr\/115822209450255927","error":""},"_links":{"self":[{"href":"https:\/\/www.europesays.com\/fr\/wp-json\/wp\/v2\/posts\/635046","targetHints":{"allow":["GET"]}}],"collection":[{"href":"https:\/\/www.europesays.com\/fr\/wp-json\/wp\/v2\/posts"}],"about":[{"href":"https:\/\/www.europesays.com\/fr\/wp-json\/wp\/v2\/types\/post"}],"author":[{"embeddable":true,"href":"https:\/\/www.europesays.com\/fr\/wp-json\/wp\/v2\/users\/2"}],"replies":[{"embeddable":true,"href":"https:\/\/www.europesays.com\/fr\/wp-json\/wp\/v2\/comments?post=635046"}],"version-history":[{"count":0,"href":"https:\/\/www.europesays.com\/fr\/wp-json\/wp\/v2\/posts\/635046\/revisions"}],"wp:featuredmedia":[{"embeddable":true,"href":"https:\/\/www.europesays.com\/fr\/wp-json\/wp\/v2\/media\/635047"}],"wp:attachment":[{"href":"https:\/\/www.europesays.com\/fr\/wp-json\/wp\/v2\/media?parent=635046"}],"wp:term":[{"taxonomy":"category","embeddable":true,"href":"https:\/\/www.europesays.com\/fr\/wp-json\/wp\/v2\/categories?post=635046"},{"taxonomy":"post_tag","embeddable":true,"href":"https:\/\/www.europesays.com\/fr\/wp-json\/wp\/v2\/tags?post=635046"}],"curies":[{"name":"wp","href":"https:\/\/api.w.org\/{rel}","templated":true}]}}