{"id":635054,"date":"2026-01-01T22:36:47","date_gmt":"2026-01-01T22:36:47","guid":{"rendered":"https:\/\/www.europesays.com\/fr\/635054\/"},"modified":"2026-01-01T22:36:47","modified_gmt":"2026-01-01T22:36:47","slug":"la-vie-des-ex-cabella-prete-a-nantes","status":"publish","type":"post","link":"https:\/\/www.europesays.com\/fr\/635054\/","title":{"rendered":"La vie des ex : Cabella pr\u00eat\u00e9 \u00e0 Nantes"},"content":{"rendered":"<p>La rumeur circulait d\u00e9j\u00e0 depuis plusieurs jours, l&rsquo;ex-Montpelli\u00e9rain \u00e9tant en \u00e9chec au sein de la formation grecque, <a href=\"https:\/\/www.laprovence.com\/article\/om\/30201134805807\/om-la-vie-des-ex-cabella-signe-a-lolympiakos\" target=\"_blank\" rel=\"noopener\">qu&rsquo;il avait rejoint librement cet \u00e9t\u00e9<\/a> apr\u00e8s la fin de son aventure lilloise : seulement 10 rencontres disput\u00e9es (428 minutes, non inscrit pour la Ligue des champions) et pas de but marqu\u00e9.<\/p>\n<p>Cabella va donc tenter de se relancer, tout comme l&rsquo;\u00e9curie de Waldemar Kita, 17e de Ligue 1 au moment de conclure la phase aller du championnat ce dimanche, et qui a nomm\u00e9 Ahmed Kantari sur son banc le 11 d\u00e9cembre \u00e0 la place de Luis Castro, vir\u00e9 la veille.<\/p>\n<p>Battus par Angers au lendemain du changement de coach, les Canaris se sont qualifi\u00e9s pour les 16es de finale de coupe de France contre Concarneau avant les f\u00eates (3-5).\u00a0<\/p>\n","protected":false},"excerpt":{"rendered":"La rumeur circulait d\u00e9j\u00e0 depuis plusieurs jours, l&rsquo;ex-Montpelli\u00e9rain \u00e9tant en \u00e9chec au sein de la formation grecque, qu&rsquo;il&hellip;\n","protected":false},"author":2,"featured_media":635055,"comment_status":"","ping_status":"","sticky":false,"template":"","format":"standard","meta":{"footnotes":""},"categories":[2818],"tags":[5734,1111,11,74280,154,1777,674,1011,27,766,12,149,2636,35152,25,4717],"class_list":{"0":"post-635054","1":"post","2":"type-post","3":"status-publish","4":"format-standard","5":"has-post-thumbnail","7":"category-nantes","8":"tag-5734","9":"tag-actu","10":"tag-actualites","11":"tag-cabella","12":"tag-des","13":"tag-eu","14":"tag-europe","15":"tag-fr","16":"tag-france","17":"tag-nantes","18":"tag-news","19":"tag-om","20":"tag-pays-de-la-loire","21":"tag-prete","22":"tag-republique-francaise","23":"tag-vie"},"share_on_mastodon":{"url":"https:\/\/pubeurope.com\/@fr\/115822240945690507","error":""},"_links":{"self":[{"href":"https:\/\/www.europesays.com\/fr\/wp-json\/wp\/v2\/posts\/635054","targetHints":{"allow":["GET"]}}],"collection":[{"href":"https:\/\/www.europesays.com\/fr\/wp-json\/wp\/v2\/posts"}],"about":[{"href":"https:\/\/www.europesays.com\/fr\/wp-json\/wp\/v2\/types\/post"}],"author":[{"embeddable":true,"href":"https:\/\/www.europesays.com\/fr\/wp-json\/wp\/v2\/users\/2"}],"replies":[{"embeddable":true,"href":"https:\/\/www.europesays.com\/fr\/wp-json\/wp\/v2\/comments?post=635054"}],"version-history":[{"count":0,"href":"https:\/\/www.europesays.com\/fr\/wp-json\/wp\/v2\/posts\/635054\/revisions"}],"wp:featuredmedia":[{"embeddable":true,"href":"https:\/\/www.europesays.com\/fr\/wp-json\/wp\/v2\/media\/635055"}],"wp:attachment":[{"href":"https:\/\/www.europesays.com\/fr\/wp-json\/wp\/v2\/media?parent=635054"}],"wp:term":[{"taxonomy":"category","embeddable":true,"href":"https:\/\/www.europesays.com\/fr\/wp-json\/wp\/v2\/categories?post=635054"},{"taxonomy":"post_tag","embeddable":true,"href":"https:\/\/www.europesays.com\/fr\/wp-json\/wp\/v2\/tags?post=635054"}],"curies":[{"name":"wp","href":"https:\/\/api.w.org\/{rel}","templated":true}]}}