{"id":635094,"date":"2026-01-01T22:59:10","date_gmt":"2026-01-01T22:59:10","guid":{"rendered":"https:\/\/www.europesays.com\/fr\/635094\/"},"modified":"2026-01-01T22:59:10","modified_gmt":"2026-01-01T22:59:10","slug":"les-travailleurs-grecs-ont-la-semaine-de-travail-la-plus-longue-de-lunion-europeenne-business-am","status":"publish","type":"post","link":"https:\/\/www.europesays.com\/fr\/635094\/","title":{"rendered":"Les travailleurs grecs ont la semaine de travail la plus longue de l&rsquo;Union europ\u00e9enne &#8211; Business AM"},"content":{"rendered":"<p>Principaux renseignements<\/p>\n<ul class=\"wp-block-list\">\n<li><strong>Les travailleurs grecs sont ceux qui travaillent le plus d\u2019heures dans l\u2019Union europ\u00e9enne, avec une moyenne de 39,8 heures par semaine.<\/strong><\/li>\n<li><strong>Le pourcentage de travailleurs de l\u2019UE effectuant de longues heures (49 heures ou plus par semaine) a diminu\u00e9, passant de 9,8 pour cent en 2014 \u00e0 6,6 pour cent en 2024.<\/strong><\/li>\n<li><strong>Les travailleurs ind\u00e9pendants sont nettement plus susceptibles de travailler de longues heures que les salari\u00e9s, avec un taux de 27,5 pour cent contre 3,4 pour cent.<\/strong><\/li>\n<\/ul>\n<p>Les donn\u00e9es d\u2019Eurostat r\u00e9v\u00e8lent que les travailleurs grecs sont ceux qui travaillent le plus longtemps dans l\u2019Union europ\u00e9enne. Cette tendance concerne aussi bien les employ\u00e9s \u00e0 temps plein qu\u2019\u00e0 temps partiel.  La Gr\u00e8ce est suivie par Chypre, o\u00f9 les employ\u00e9s travaillent en moyenne 10 heures par semaine.<\/p>\n<p>Diminution des longues heures de travail<\/p>\n<p>Le pourcentage de travailleurs de l\u2019UE effectuant de longues heures (49 heures ou plus par semaine) est en constante diminution, passant de 9,8 pour cent en 2014 \u00e0 6,6 pour cent en 2024.  La Gr\u00e8ce est en t\u00eate du peloton avec 12,4 pour cent de sa main-d\u2019\u0153uvre travaillant selon des horaires \u00e9tendus, suivie de Chypre (10 pour cent) et de la France (9,9 pour cent). \u00c0 l\u2019inverse, la Bulgarie, la Lettonie et la Lituanie affichent les taux les plus bas.<\/p>\n<p>Il est int\u00e9ressant de noter que les travailleurs ind\u00e9pendants sont plus susceptibles de travailler de longues heures (27,5 pour cent) que les salari\u00e9s (3,4 pour cent). Si l\u2019on examine les groupes professionnels sur la base de la classification internationale type des professions (CITP), les travailleurs qualifi\u00e9s de l\u2019agriculture, de la sylviculture et de la p\u00eache connaissent la plus forte incidence de longues heures de travail (26,2 pour cent), suivis par les cadres (21,1 pour cent).<\/p>\n<p>Heures moyennes en Gr\u00e8ce<\/p>\n<p>Le travailleur grec moyen travaille 39,8 heures par semaine, ce qui d\u00e9passe la moyenne europ\u00e9enne de 36 heures.  Un quart des salari\u00e9s grecs travaillent plus de 45 heures par semaine, soit la proportion la plus \u00e9lev\u00e9e de l\u2019UE. Cette disparit\u00e9 des heures de travail, associ\u00e9e aux diff\u00e9rences de salaires, creuse l\u2019\u00e9cart entre les pays de l\u2019UE.<\/p>\n<p>Les Pays-Bas et la Belgique illustrent cette variation, avec une <a href=\"https:\/\/fr.businessam.be\/lentreprise-russe-avtovaz-envisage-la-semaine-de-travail-de-quatre-jours-en-raison-de-la-baisse-des-ventes\/\" target=\"_blank\" rel=\"noopener\">semaine de travail<\/a> moyenne de seulement 32,1 heures. Par rapport \u00e0 la Gr\u00e8ce, cela se traduit par pr\u00e8s d\u2019une journ\u00e9e de travail suppl\u00e9mentaire par semaine pour les salari\u00e9s grecs. Alors que 37,3 pour cent des travailleurs de l\u2019UE travaillent entre 40 et 44,5 heures par semaine, seuls 7,2 pour cent travaillent moins de 20 heures.<\/p>\n<p><a href=\"https:\/\/news.google.com\/publications\/CAowtseUCw?hl=fr&amp;gl=BE&amp;ceid=BE%3Afr\" target=\"_blank\" rel=\"noopener\">Suivez \u00e9galement Business AM sur Google Actualit\u00e9s<\/a><\/p>\n<p><a href=\"https:\/\/portalfr.businessam.be\/plans\/business-am-fr-offre-dete\/\" target=\"_blank\" rel=\"noopener\">Si vous souhaitez acc\u00e9der \u00e0 tous les articles, abonnez-vous ici!<\/a><\/p>\n","protected":false},"excerpt":{"rendered":"Principaux renseignements Les travailleurs grecs sont ceux qui travaillent le plus d\u2019heures dans l\u2019Union europ\u00e9enne, avec une moyenne&hellip;\n","protected":false},"author":2,"featured_media":635095,"comment_status":"","ping_status":"","sticky":false,"template":"","format":"standard","meta":{"footnotes":""},"categories":[1586],"tags":[11,1777,674,1779,1011,27,8906,12,25,3847,1778,364],"class_list":{"0":"post-635094","1":"post","2":"type-post","3":"status-publish","4":"format-standard","5":"has-post-thumbnail","7":"category-europe","8":"tag-actualites","9":"tag-eu","10":"tag-europe","11":"tag-european-union","12":"tag-fr","13":"tag-france","14":"tag-grece","15":"tag-news","16":"tag-republique-francaise","17":"tag-travail","18":"tag-ue","19":"tag-union-europeenne"},"share_on_mastodon":{"url":"https:\/\/pubeurope.com\/@fr\/115822327524825648","error":""},"_links":{"self":[{"href":"https:\/\/www.europesays.com\/fr\/wp-json\/wp\/v2\/posts\/635094","targetHints":{"allow":["GET"]}}],"collection":[{"href":"https:\/\/www.europesays.com\/fr\/wp-json\/wp\/v2\/posts"}],"about":[{"href":"https:\/\/www.europesays.com\/fr\/wp-json\/wp\/v2\/types\/post"}],"author":[{"embeddable":true,"href":"https:\/\/www.europesays.com\/fr\/wp-json\/wp\/v2\/users\/2"}],"replies":[{"embeddable":true,"href":"https:\/\/www.europesays.com\/fr\/wp-json\/wp\/v2\/comments?post=635094"}],"version-history":[{"count":0,"href":"https:\/\/www.europesays.com\/fr\/wp-json\/wp\/v2\/posts\/635094\/revisions"}],"wp:featuredmedia":[{"embeddable":true,"href":"https:\/\/www.europesays.com\/fr\/wp-json\/wp\/v2\/media\/635095"}],"wp:attachment":[{"href":"https:\/\/www.europesays.com\/fr\/wp-json\/wp\/v2\/media?parent=635094"}],"wp:term":[{"taxonomy":"category","embeddable":true,"href":"https:\/\/www.europesays.com\/fr\/wp-json\/wp\/v2\/categories?post=635094"},{"taxonomy":"post_tag","embeddable":true,"href":"https:\/\/www.europesays.com\/fr\/wp-json\/wp\/v2\/tags?post=635094"}],"curies":[{"name":"wp","href":"https:\/\/api.w.org\/{rel}","templated":true}]}}