{"id":635100,"date":"2026-01-01T23:02:09","date_gmt":"2026-01-01T23:02:09","guid":{"rendered":"https:\/\/www.europesays.com\/fr\/635100\/"},"modified":"2026-01-01T23:02:09","modified_gmt":"2026-01-01T23:02:09","slug":"la-moitie-de-la-france-placee-en-vigilance-ce-vendredi-voici-les-previsions","status":"publish","type":"post","link":"https:\/\/www.europesays.com\/fr\/635100\/","title":{"rendered":"la moiti\u00e9 de la France plac\u00e9e en vigilance ce vendredi, voici les pr\u00e9visions"},"content":{"rendered":"<p>                    Par<br \/>\n        <strong><br \/>\n            <a href=\"https:\/\/actu.fr\/auteur\/maxime-ponsot\" title=\"Consulter tous les articles de Maxime Ponsot\" target=\"_blank\" rel=\"noopener\">Maxime Ponsot<\/a><br \/>\n                    <\/strong><\/p>\n<p>        Publi\u00e9 le<\/p>\n<p>            1 janv. 2026 \u00e0 22h16        <\/p>\n<p>Comme ces derniers jours, le temps demeure au froid en France. Depuis plusieurs journ\u00e9es, un temps calme et sec s\u2019est positionn\u00e9 sur l\u2019Hexagone, apportant des temp\u00e9ratures basses, voire des gel\u00e9es g\u00e9n\u00e9ralis\u00e9es. Apr\u00e8s <a href=\"https:\/\/actu.fr\/meteo\/neige-grand-froid-plus-de-30-departements-en-vigilance-ce-mercredi-les-previsions-pour-la-saint-sylvestre_63635881.html\" target=\"_blank\" rel=\"noopener\">un dernier jour de 2025 bien froid <\/a>et une nuit de la Saint-Sylvestre glaciale, avec des temp\u00e9ratures n\u00e9gatives en moyenne, <a href=\"https:\/\/actu.fr\/meteo\/neige-grand-froid-un-tiers-de-la-france-place-en-vigilance-ce-1er-janvier-les-previsions-du-nouvel-an_63639138.html\" target=\"_blank\" rel=\"noopener\">le premier jour 2026<\/a> sera dans la continuit\u00e9.<\/p>\n<p class=\" wall-content\">Cela va donc se poursuivre, en cette fin de semaine. Dans son bulletin pour ce vendredi : <a href=\"https:\/\/vigilance.meteofrance.fr\/fr\/demain\" target=\"_blank\" rel=\"noopener\"><strong>M\u00e9t\u00e9o France place 54 d\u00e9partements en vigilance<\/strong><\/a>, principalement pour \u00ab\u2009grand froid\u2009\u00bb et \u00ab\u2009neige-verglas\u2009\u00bb, mais aussi pour \u00ab\u00a0avalanches\u00a0\u00bb.<\/p>\n<p><strong>La liste compl\u00e8te des territoires en vigilance pour ce vendredi 2 janvier 2026 :<\/strong><\/p>\n<ul class=\" wall-content\">\n<li>Aisne : neige-verglas<\/li>\n<li>Allier : grand froid, neige-verglas<\/li>\n<li>Hautes-Alpes : avalanches<\/li>\n<li>Ardennes : neige-verglas, grand froid<\/li>\n<li>Aube : neige-verglas, grand froid<\/li>\n<li>Calvados : neige-verglas<\/li>\n<li>Cantal : grand froid<\/li>\n<li>Cher : grand froid, neige-verglas<\/li>\n<li>C\u00f4te-d\u2019Or : grand froid, neige-verglas<\/li>\n<li>Creuse : grand froid, neige-verglas<\/li>\n<li>Doubs : grand froid, neige-verglas<\/li>\n<li>Eure : neige-verglas<\/li>\n<li>Eure-et-Loir : neige-verglas<\/li>\n<li>Indre : grand froid, neige-verglas<\/li>\n<li>Indre-et-Loire : neige-verglas<\/li>\n<li>Jura : grand froid, neige-verglas<\/li>\n<li>Loir-et-Cher : neige-verglas<\/li>\n<li>Loire : grand froid<\/li>\n<li>Haute-Loire : grand froid<\/li>\n<li>Loire-Atlantique : neige-verglas<\/li>\n<li>Loiret : neige-verglas<\/li>\n<li>Loz\u00e8re : grand froid<\/li>\n<li>Maine-et-Loire : neige-verglas<\/li>\n<li>Marne : neige-verglas, grand froid<\/li>\n<li>Haute-Marne : neige-verglas, grand froid<\/li>\n<li>Mayenne : neige-verglas<\/li>\n<li>Meurthe-et-Moselle : neige-verglas, grand froid<\/li>\n<li>Meuse : neige-verglas, grand froid<\/li>\n<li>Moselle : neige-verglas, grand froid<\/li>\n<li>Ni\u00e8vre : grand froid, neige-verglas<\/li>\n<li>Nord : vagues-submersion<\/li>\n<li>Oise : neige-verglas<\/li>\n<li>Orne : neige-verglas<\/li>\n<li>Puy-de-D\u00f4me : grand froid<\/li>\n<li>Bas-Rhin : neige-verglas, grand froid<\/li>\n<li>Haut-Rhin : grand froid, neige-verglas<\/li>\n<li>Haute-Sa\u00f4ne : grand froid, neige-verglas<\/li>\n<li>Sa\u00f4ne-et-Loire : grand froid, neige-verglas<\/li>\n<li>Sarthe : neige-verglas<\/li>\n<li>Savoie : avalanches<\/li>\n<li>Seine-Maritime : neige-verglas<\/li>\n<li>Seine-et-Marne : neige-verglas<\/li>\n<li>Yvelines : neige-verglas<\/li>\n<li>Deux-S\u00e8vres : grand froid, neige-verglas<\/li>\n<li>Vend\u00e9e : neige-verglas<\/li>\n<li>Vienne : grand froid, neige-verglas<\/li>\n<li>Haute-Vienne : neige-verglas<\/li>\n<li>Vosges : neige-verglas, grand froid<\/li>\n<li>Yonne : neige-verglas, grand froid<\/li>\n<li>Terr. de Belfort : grand froid, neige-verglas<\/li>\n<li>Essonne : neige-verglas<\/li>\n<li>Val-D\u2019Oise : neige-verglas<\/li>\n<\/ul>\n<p>De la neige attendue sur le Nord-Est<\/p>\n<p class=\" wall-content\">Du c\u00f4t\u00e9 des pr\u00e9visions pour ce vendredi, <a href=\"https:\/\/meteofrance.com\/\" target=\"_blank\" rel=\"noopener\">M\u00e9t\u00e9o France annonce<\/a> un temps \u00ab\u00a0perturb\u00e9 sur le nord du pays avec des chutes de neige sur le Nord-Est, pouvant s\u2019\u00e9tendre sur l\u2019est des Hauts-de-France et l\u2019est de la r\u00e9gion parisienne\u00a0\u00bb.<\/p>\n<p class=\" wall-content\">\u00ab\u00a0Les sols seront bien blanchis sur certaines zones du Grand-Est, notamment du Jura \u00e0 la Champagne en passant par la Bourgogne et sur l\u2019Alsace et la Lorraine. On attend localement jusqu\u2019\u00e0 5 cm sur les Vosges \u00e0 basse altitude\u00a0\u00bb, s\u2019avance m\u00eame le service de m\u00e9t\u00e9orologie.<\/p>\n<blockquote class=\"ac-article-quote wall-content\">\n<p>Sur le quart Nord-Ouest, de la pluie est attendue, principalement en Normandie et \u00cele-de-France, temporairement de la pluie et de la neige m\u00eal\u00e9es le matin des collines normandes vers la r\u00e9gion parisienne et quelques flocons jusque dans la r\u00e9gion Centre.<\/p>\n<p>    <strong>M\u00e9t\u00e9o France<\/strong>\n            <\/p><\/blockquote>\n<p>Des sols glissants sur les r\u00e9gions du Nord<\/p>\n<p class=\" wall-content\">Par ailleurs, les sols pourront \u00ab\u00a0\u00eatre glissants sur beaucoup de r\u00e9gions allant du Centre-Est au Grand-Est et localement dans le Centre et le Nord\u00a0\u00bb, ajoute l\u2019organisme m\u00e9t\u00e9orologique. \u00ab\u00a0Des brouillards par endroits givrants se formeront notamment dans le Sud-Ouest.\u00a0\u00bb<\/p>\n<p>Votre r\u00e9gion, votre actu !<\/p>\n<p>Recevez chaque jour les infos qui comptent pour vous.<\/p>\n<p>\t<a href=\"https:\/\/actu.fr\/newsletter\" class=\"ac-btn ac-btn--corner ac-btn--medium ac-btn--blue800\" target=\"_blank\" rel=\"noopener\">S&rsquo;incrire<\/a><\/p>\n<p class=\" wall-content\">\u00ab\u00a0Les \u00e9claircies se feront rares dans la vall\u00e9e de la Garonne\u00a0\u00bb mais \u00ab\u00a0le soleil s\u2019imposera sur le sud de l\u2019Hexagone\u00a0\u00bb, est-il pr\u00e9vu. \u00ab\u00a0Il pleuvra par endroits en soir\u00e9e pr\u00e8s des Pyr\u00e9n\u00e9es, avec une limite pluie-neige vers 1800 m sur l\u2019ouest de la cha\u00eene.\u00a0\u00bb<\/p>\n<p>Les temp\u00e9ratures maximales pr\u00e9vues pour vendredi 2 janvier 2026 : <\/p>\n<p>Brest : 9 \u00b0C ; Paris : 5 \u00b0C ; Lyon : 4 \u00b0C ; Biarritz : 9 \u00b0C ; Cherbourg : 7 \u00b0C ; Tours : 6 \u00b0C ; Clermont-Ferrand : 4 \u00b0C ; Perpignan : 12 \u00b0C ; Rennes : 8 \u00b0C ; Nancy : 4 \u00b0C ; Limoges : 5 \u00b0C ; Marseille : 9 \u00b0C ; Nantes : 7 \u00b0C ; Strasbourg : 4 \u00b0C ; Bordeaux : 6 \u00b0C ; Nice : 14 \u00b0C ; Lille : 5 \u00b0C ; Dijon : 4 \u00b0C ; Toulouse : 8 \u00b0C ; Ajaccio : 15 \u00b0C.<\/p>\n<p class=\" wall-content\">Des averses sont \u00e9galement attendues en Corse, principalement sur l\u2019est de l\u2019\u00eele, avec de la neige \u00e0 partir de 1500 m et du vent de secteur sud-ouest soufflant entre 70 et 90 km\/h, jusqu\u2019\u00e0 100 km\/h sur les caps. \u00ab\u00a0Le vent de nord-ouest sera sensible proche des c\u00f4tes de Manche.\u00a0\u00bb<\/p>\n<p class=\" wall-content\">Personnalisez votre actualit\u00e9 en ajoutant vos villes et m\u00e9dias en favori avec <a href=\"https:\/\/moncompte.actu.fr\" title=\"D\u00e9couvez Mon Actu\" rel=\"nofollow noopener\" data-trk=\"{&quot;cta&quot;:{&quot;action&quot;:&quot;https:\\\/\\\/moncompte.actu.fr&quot;,&quot;category&quot;:&quot;mon compte&quot;,&quot;from&quot;:&quot;article footer&quot;,&quot;name&quot;:&quot;Mon actu&quot;,&quot;type&quot;:&quot;cta&quot;}}\" target=\"_blank\">Mon Actu<\/a>.<\/p>\n","protected":false},"excerpt":{"rendered":"Par Maxime Ponsot Publi\u00e9 le 1 janv. 2026 \u00e0 22h16 Comme ces derniers jours, le temps demeure au&hellip;\n","protected":false},"author":2,"featured_media":635101,"comment_status":"","ping_status":"","sticky":false,"template":"","format":"standard","meta":{"footnotes":""},"categories":[4],"tags":[11,1011,27,3447,2487,2357,10584,12,25],"class_list":{"0":"post-635100","1":"post","2":"type-post","3":"status-publish","4":"format-standard","5":"has-post-thumbnail","7":"category-france","8":"tag-actualites","9":"tag-fr","10":"tag-france","11":"tag-froid","12":"tag-meteo","13":"tag-meteo-france","14":"tag-neige","15":"tag-news","16":"tag-republique-francaise"},"share_on_mastodon":{"url":"https:\/\/pubeurope.com\/@fr\/115822339215442123","error":""},"_links":{"self":[{"href":"https:\/\/www.europesays.com\/fr\/wp-json\/wp\/v2\/posts\/635100","targetHints":{"allow":["GET"]}}],"collection":[{"href":"https:\/\/www.europesays.com\/fr\/wp-json\/wp\/v2\/posts"}],"about":[{"href":"https:\/\/www.europesays.com\/fr\/wp-json\/wp\/v2\/types\/post"}],"author":[{"embeddable":true,"href":"https:\/\/www.europesays.com\/fr\/wp-json\/wp\/v2\/users\/2"}],"replies":[{"embeddable":true,"href":"https:\/\/www.europesays.com\/fr\/wp-json\/wp\/v2\/comments?post=635100"}],"version-history":[{"count":0,"href":"https:\/\/www.europesays.com\/fr\/wp-json\/wp\/v2\/posts\/635100\/revisions"}],"wp:featuredmedia":[{"embeddable":true,"href":"https:\/\/www.europesays.com\/fr\/wp-json\/wp\/v2\/media\/635101"}],"wp:attachment":[{"href":"https:\/\/www.europesays.com\/fr\/wp-json\/wp\/v2\/media?parent=635100"}],"wp:term":[{"taxonomy":"category","embeddable":true,"href":"https:\/\/www.europesays.com\/fr\/wp-json\/wp\/v2\/categories?post=635100"},{"taxonomy":"post_tag","embeddable":true,"href":"https:\/\/www.europesays.com\/fr\/wp-json\/wp\/v2\/tags?post=635100"}],"curies":[{"name":"wp","href":"https:\/\/api.w.org\/{rel}","templated":true}]}}