{"id":63511,"date":"2025-04-30T04:43:08","date_gmt":"2025-04-30T04:43:08","guid":{"rendered":"https:\/\/www.europesays.com\/fr\/63511\/"},"modified":"2025-04-30T04:43:08","modified_gmt":"2025-04-30T04:43:08","slug":"1er-mai-a-marseille-metro-bus-tramway-a-larret-voici-comment-se-deplacer","status":"publish","type":"post","link":"https:\/\/www.europesays.com\/fr\/63511\/","title":{"rendered":"1er mai \u00e0 Marseille. M\u00e9tro, bus, tramway \u00e0 l&rsquo;arr\u00eat : voici comment se d\u00e9placer"},"content":{"rendered":"<p>            Par<br \/>\n        <strong><br \/>\n            <a href=\"https:\/\/actu.fr\/auteur\/benjamin-cohenroyer\" title=\"Consulter tous les articles de Benjamin Cohen Royer\" rel=\"nofollow noopener\" target=\"_blank\">Benjamin Cohen Royer<\/a><br \/>\n        <\/strong><\/p>\n<p>        Publi\u00e9 le<\/p>\n<p>            30 avr. 2025 \u00e0 6h16        <\/p>\n<p>Ce mercredi 1er mai 2025, les transports en commun seront \u00e0 l\u2019arr\u00eat \u00e0 <a href=\"https:\/\/actu.fr\/marseille\/\" rel=\"nofollow noopener\" target=\"_blank\">Marseille<\/a>.<\/p>\n<p class=\" wall-content\">En effet, <strong>\u00e0 l\u2019occasion de la F\u00eate du Travail,<\/strong> la RTM suspend, comme chaque ann\u00e9e, la plupart de ses services dans la cit\u00e9 phoc\u00e9enne ce mercredi 1er mai 2025.<\/p>\n<p class=\" wall-content\">R\u00e9sultat : aucun bus, m\u00e9tro ou tramway ne circulera toute la journ\u00e9e.<\/p>\n<p>Faites vous transporter sur l\u2019eau<\/p>\n<p class=\" wall-content\">Il existe toutefois quelques alternatives pour se d\u00e9placer, qui resteront en service.\u00a0<\/p>\n<p class=\" wall-content\">Les <strong>navettes maritimes RTM<\/strong> entre le Vieux-Port, l\u2019Estaque, la Pointe-Rouge et les Goudes sont maintenues. Elles vogueront selon les conditions m\u00e9t\u00e9o.<\/p>\n<p>Vid\u00e9os : en ce moment sur Actu<\/p>\n<p class=\" wall-content\">Le bus 91 reliant la gare Saint-Charles \u00e0 l\u2019a\u00e9roport assurera \u00e9galement ses trajets.<\/p>\n<p>V\u00e9los et trottinettes<\/p>\n<p class=\" wall-content\">De plus, <strong>les v\u00e9los et trottinettes<\/strong> en libre-service (Lime, Dott, Tier\u2026) restent disponibles.<\/p>\n<p class=\" wall-content\">Ainsi, si vous comptiez vous rendre dans les Calanques ou en bord de mer, mieux vaut anticiper ou covoiturer. L\u2019affluence attendue, notamment autour des plages, risque d\u2019engorger la circulation.<\/p>\n<p class=\" wall-content\">Suivez toute l\u2019actualit\u00e9 de vos villes et m\u00e9dias favoris en vous inscrivant \u00e0 <a href=\"https:\/\/moncompte.actu.fr\" title=\"D\u00e9couvez Mon Actu\" rel=\"nofollow noopener\" data-trk=\"{&quot;cta&quot;:{&quot;action&quot;:&quot;https:\\\/\\\/moncompte.actu.fr&quot;,&quot;category&quot;:&quot;mon compte&quot;,&quot;from&quot;:&quot;article footer&quot;,&quot;name&quot;:&quot;Mon actu&quot;,&quot;type&quot;:&quot;cta&quot;}}\" target=\"_blank\">Mon Actu<\/a>.<\/p>\n","protected":false},"excerpt":{"rendered":"Par Benjamin Cohen Royer Publi\u00e9 le 30 avr. 2025 \u00e0 6h16 Ce mercredi 1er mai 2025, les transports&hellip;\n","protected":false},"author":2,"featured_media":63512,"comment_status":"","ping_status":"","sticky":false,"template":"","format":"standard","meta":{"footnotes":""},"categories":[2814],"tags":[1111,11,3542,1777,674,1011,27,884,12,882,25,10783,104],"class_list":{"0":"post-63511","1":"post","2":"type-post","3":"status-publish","4":"format-standard","5":"has-post-thumbnail","7":"category-marseille","8":"tag-actu","9":"tag-actualites","10":"tag-circulation","11":"tag-eu","12":"tag-europe","13":"tag-fr","14":"tag-france","15":"tag-marseille","16":"tag-news","17":"tag-provence-alpes-cote-dazur","18":"tag-republique-francaise","19":"tag-rtm","20":"tag-societe"},"share_on_mastodon":{"url":"https:\/\/pubeurope.com\/@fr\/114425089489356767","error":""},"_links":{"self":[{"href":"https:\/\/www.europesays.com\/fr\/wp-json\/wp\/v2\/posts\/63511","targetHints":{"allow":["GET"]}}],"collection":[{"href":"https:\/\/www.europesays.com\/fr\/wp-json\/wp\/v2\/posts"}],"about":[{"href":"https:\/\/www.europesays.com\/fr\/wp-json\/wp\/v2\/types\/post"}],"author":[{"embeddable":true,"href":"https:\/\/www.europesays.com\/fr\/wp-json\/wp\/v2\/users\/2"}],"replies":[{"embeddable":true,"href":"https:\/\/www.europesays.com\/fr\/wp-json\/wp\/v2\/comments?post=63511"}],"version-history":[{"count":0,"href":"https:\/\/www.europesays.com\/fr\/wp-json\/wp\/v2\/posts\/63511\/revisions"}],"wp:featuredmedia":[{"embeddable":true,"href":"https:\/\/www.europesays.com\/fr\/wp-json\/wp\/v2\/media\/63512"}],"wp:attachment":[{"href":"https:\/\/www.europesays.com\/fr\/wp-json\/wp\/v2\/media?parent=63511"}],"wp:term":[{"taxonomy":"category","embeddable":true,"href":"https:\/\/www.europesays.com\/fr\/wp-json\/wp\/v2\/categories?post=63511"},{"taxonomy":"post_tag","embeddable":true,"href":"https:\/\/www.europesays.com\/fr\/wp-json\/wp\/v2\/tags?post=63511"}],"curies":[{"name":"wp","href":"https:\/\/api.w.org\/{rel}","templated":true}]}}