{"id":635116,"date":"2026-01-01T23:16:11","date_gmt":"2026-01-01T23:16:11","guid":{"rendered":"https:\/\/www.europesays.com\/fr\/635116\/"},"modified":"2026-01-01T23:16:11","modified_gmt":"2026-01-01T23:16:11","slug":"helena-bailly-est-la-personnalite-people-de-lannee","status":"publish","type":"post","link":"https:\/\/www.europesays.com\/fr\/635116\/","title":{"rendered":"Helena Bailly est la personnalit\u00e9 People de l\u2019ann\u00e9e"},"content":{"rendered":"<p>      R\u00e9sum\u00e9<\/p>\n<p>Le succ\u00e8s d&rsquo;Helena Bailly, r\u00e9v\u00e9l\u00e9e par la Star Academy, est ind\u00e9niable. Cela fait deux ans maintenant que cette derni\u00e8re encha\u00eene les tubes et les troph\u00e9es. D&rsquo;ailleurs, la jeune femme de 23 ans vient d&rsquo;\u00eatre sacr\u00e9e \u00ab\u00a0Personnalit\u00e9 People de l\u2019Ann\u00e9e\u00a0\u00bb.<\/p>\n<p>        Sommaire<\/p>\n<p>Depuis sa sortie du ch\u00e2teau de la \u00ab\u00a0Star Academy\u00a0\u00bb le 27\u00a0janvier 2024, Helena Bailly vit <strong>un r\u00eave \u00e9veill\u00e9<\/strong>. Et pour cause\u2026 Au m\u00eame titre que ses camarades de promo Pierre Garnier, Julien Lieb ou Lenie, <a href=\"https:\/\/www.public.fr\/cest-a-paris-quon-se-retrouve-pierre-garnier-honnete-sur-sa-relation-avec-helena-bailly\" target=\"_blank\" rel=\"noopener\">l&rsquo;artiste belge<\/a> <strong>encha\u00eene les succ\u00e8s<\/strong>. Summer Body, Mauvais Gar\u00e7on ou encore Tout a chang\u00e9, cette derni\u00e8re est <strong>une machine \u00e0 tubes<\/strong>. Des tubes que <a href=\"https:\/\/www.public.fr\/helena-bailly-plante-thomas-isle-a-la-derniere-minute-a-cause-dun-etat-de-sante-preoccupant\" target=\"_blank\" rel=\"noopener\">l&rsquo;ancienne demi-finaliste<\/a> d\u00e9fend sur sc\u00e8ne depuis le 16\u00a0octobre dans le cadre de sa premi\u00e8re tourn\u00e9e sobrement baptis\u00e9e H\u00e9l\u00e9.<\/p>\n<p>Tourn\u00e9e qui reprendra au printemps prochain et qui jouera les prolongations. <strong>Dix dates suppl\u00e9mentaires<\/strong> ont \u00e9t\u00e9 ajout\u00e9es \u00e0 l&rsquo;automne 2026 tant <strong>le succ\u00e8s est impressionnant<\/strong>. Voil\u00e0 bient\u00f4t deux ans qu&rsquo;Helena vit sur un nuage. Non seulement, nombreux sont celles et ceux \u00e0 se retrouver dans les textes qu&rsquo;elle fredonne mais, en plus, <strong>sa DA est exceptionnelle<\/strong>.<\/p>\n<p>Il faut dire aussi que <a href=\"https:\/\/www.public.fr\/helena-sacree-album-de-lannee-devant-marc-olivier-fogiel-et-nikos-aliagas-elle-redoute-la-reaction-de-sa-mere-brigitte\" target=\"_blank\" rel=\"noopener\">la chanteuse de 23 ans<\/a> <strong>bosse dur et \u00e7a paye<\/strong>. Apr\u00e8s avoir d\u00e9croch\u00e9 une multitude de prix dont celui de la \u00ab\u00a0Chanson de l&rsquo;ann\u00e9e\u00a0\u00bb et de l'\u00a0\u00bbArtiste f\u00e9minine de l&rsquo;ann\u00e9e\u00a0\u00bb aux NRJ Music Awards \u00e0 Cannes, <a href=\"https:\/\/www.public.fr\/helena-sacree-album-de-lannee-devant-marc-olivier-fogiel-et-nikos-aliagas-elle-redoute-la-reaction-de-sa-mere-brigitte\" target=\"_blank\" rel=\"noopener\">cette derni\u00e8re<\/a> a eu la chance d&rsquo;\u00eatre sacr\u00e9e \u00ab\u00a0Album RTL de l&rsquo;ann\u00e9e\u00a0\u00bb par les auditeurs de la station. Enfin, nos confr\u00e8res de Paris Match Belgique r\u00e9v\u00e8lent ce 1er\u00a0janvier qu&rsquo;Helena a \u00e9t\u00e9 <strong>\u00e9lue Personnalit\u00e9 People de l\u2019Ann\u00e9e<\/strong> par leurs lecteurs et ce pour la deuxi\u00e8me ann\u00e9e cons\u00e9cutive. Elle double notamment la princesse Elisabeth de Belgique ou encore <a href=\"https:\/\/www.public.fr\/brouteurs-apres-brad-pitt-karine-le-marchand\" target=\"_blank\" rel=\"noopener\">Brad Pitt<\/a>. Rien que \u00e7a\u00a0!<\/p>\n<p>Helena Bailly\u00a0: une artiste au grand c\u0153ur<\/p>\n<p>L&rsquo;impressionnante popularit\u00e9 d&rsquo;Helena est sans doute aussi li\u00e9e \u00e0 <strong>sa g\u00e9n\u00e9rosit\u00e9<\/strong>. Nous l&rsquo;avons vu sur sc\u00e8ne \u00e0 l&rsquo;Ark\u00e9a Arena de Bordeaux le 19 d\u00e9cembre. Ainsi, nous avons pu constater \u00e0 quel point cette derni\u00e8re est <strong>reconnaissante de ce qui lui arrive depuis deux ans<\/strong>. \u00c0 de multiples reprises, <a href=\"https:\/\/www.google.com\/url?sa=t&amp;source=web&amp;rct=j&amp;opi=89978449&amp;url=https:\/\/vsd.fr\/89378-avec-capuche-son-nouveau-titre-helena-de-la-star-academy-frappe-fort\/&amp;ved=2ahUKEwjK2rax1OqRAxX0RPEDHTbTJEgQFnoECBgQAQ&amp;usg=AOvVaw14ugzRt7aEVd8Ty7YKe9-X\" target=\"_blank\" rel=\"noopener\">la show girl<\/a> remercie ses fans. Fans qui ont vot\u00e9 en masse pour elle afin qu&rsquo;elle d\u00e9croche ses r\u00e9cents troph\u00e9es. Preuve aussi de son altruisme\u00a0: sa g\u00e9n\u00e9rosit\u00e9 envers les \u00e9l\u00e8ves de la \u00ab\u00a0Star Academy\u00a0\u00bb.<\/p>\n<p>Lors du prime des anciens \u00e9l\u00e8ves, elle n&rsquo;avait pas pu \u00eatre pr\u00e9sente mais, elle avait un mot d&rsquo;excuses ce soir-l\u00e0\u00a0: son concert au Z\u00e9nith d&rsquo;Angers. Concert o\u00f9 <strong>elle a invit\u00e9 Th\u00e9o P. \u00e0 la rejoindre sur sc\u00e8ne<\/strong> pour partager un de ses tubes. Enfin, ce samedi 3\u00a0janvier, les t\u00e9l\u00e9spectateurs la retrouveront <strong>sur la sc\u00e8ne du studio 217 <\/strong>lors du 200e prime de l&rsquo;\u00e9mission. Prime au cours duquel <strong><a href=\"https:\/\/www.public.fr\/star-academy-une-ex-finaliste-enceinte-de-son-premier-enfant-son-baby-bump-affole-la-toile\" target=\"_blank\" rel=\"noopener\">seize anciens \u00e9l\u00e8ves du ch\u00e2teau<\/a><\/strong> sont attendus.<\/p>\n<p>\n          Hits &amp; People en continu\n        <\/p>\n<p>\n          Public Radio\n        <\/p>\n<p>      Mentionn\u00e9s dans cet article<\/p>\n<p>      Sur le m\u00eame sujet<\/p>\n","protected":false},"excerpt":{"rendered":"R\u00e9sum\u00e9 Le succ\u00e8s d&rsquo;Helena Bailly, r\u00e9v\u00e9l\u00e9e par la Star Academy, est ind\u00e9niable. Cela fait deux ans maintenant que&hellip;\n","protected":false},"author":2,"featured_media":635117,"comment_status":"","ping_status":"","sticky":false,"template":"","format":"standard","meta":{"footnotes":""},"categories":[1355],"tags":[828,58,59,1011,27,5098,1361,873,9763,5095,199],"class_list":{"0":"post-635116","1":"post","2":"type-post","3":"status-publish","4":"format-standard","5":"has-post-thumbnail","7":"category-musique","8":"tag-belgique","9":"tag-divertissement","10":"tag-entertainment","11":"tag-fr","12":"tag-france","13":"tag-helena-bailly","14":"tag-music","15":"tag-musique","16":"tag-personnalite","17":"tag-star-academy","18":"tag-tf1"},"share_on_mastodon":{"url":"https:\/\/pubeurope.com\/@fr\/115822394400246559","error":""},"_links":{"self":[{"href":"https:\/\/www.europesays.com\/fr\/wp-json\/wp\/v2\/posts\/635116","targetHints":{"allow":["GET"]}}],"collection":[{"href":"https:\/\/www.europesays.com\/fr\/wp-json\/wp\/v2\/posts"}],"about":[{"href":"https:\/\/www.europesays.com\/fr\/wp-json\/wp\/v2\/types\/post"}],"author":[{"embeddable":true,"href":"https:\/\/www.europesays.com\/fr\/wp-json\/wp\/v2\/users\/2"}],"replies":[{"embeddable":true,"href":"https:\/\/www.europesays.com\/fr\/wp-json\/wp\/v2\/comments?post=635116"}],"version-history":[{"count":0,"href":"https:\/\/www.europesays.com\/fr\/wp-json\/wp\/v2\/posts\/635116\/revisions"}],"wp:featuredmedia":[{"embeddable":true,"href":"https:\/\/www.europesays.com\/fr\/wp-json\/wp\/v2\/media\/635117"}],"wp:attachment":[{"href":"https:\/\/www.europesays.com\/fr\/wp-json\/wp\/v2\/media?parent=635116"}],"wp:term":[{"taxonomy":"category","embeddable":true,"href":"https:\/\/www.europesays.com\/fr\/wp-json\/wp\/v2\/categories?post=635116"},{"taxonomy":"post_tag","embeddable":true,"href":"https:\/\/www.europesays.com\/fr\/wp-json\/wp\/v2\/tags?post=635116"}],"curies":[{"name":"wp","href":"https:\/\/api.w.org\/{rel}","templated":true}]}}