{"id":635120,"date":"2026-01-01T23:18:14","date_gmt":"2026-01-01T23:18:14","guid":{"rendered":"https:\/\/www.europesays.com\/fr\/635120\/"},"modified":"2026-01-01T23:18:14","modified_gmt":"2026-01-01T23:18:14","slug":"chloe-derrien-nouvelle-gerante-de-la-pharmacie-de-velleron-dans-le-vaucluse","status":"publish","type":"post","link":"https:\/\/www.europesays.com\/fr\/635120\/","title":{"rendered":"Chlo\u00e9 Derrien, nouvelle g\u00e9rante de la Pharmacie de Velleron dans le Vaucluse"},"content":{"rendered":"<p>Passation de pouvoir au sein de la pharmacie du village. Chlo\u00e9 Derrien a remplac\u00e9, en cette ann\u00e9e 2025, l&rsquo;ex-g\u00e9rant Beno\u00eet Beraha, implant\u00e9 depuis plus d&rsquo;une d\u00e9cennie \u00e0 <a href=\"https:\/\/www.laprovence.com\/article\/region\/25490988651579\/discotheque-hotel-maison-de-retraite-laisse-a-l-abandon-les-multiples-vies-du-grand-zoom-a-velleron\" target=\"_blank\" rel=\"noopener\">Velleron<\/a>. Form\u00e9e a l&rsquo;universit\u00e9 pharmaceutique de Marseille et pass\u00e9e par les plus grandes officines phoc\u00e9ennes, la jeune femme a choisi d&rsquo;investir aujourd&rsquo;hui Velleron, \u00ab\u00a0une commune dynamique o\u00f9 il fait bon vivre. Le <a href=\"https:\/\/www.laprovence.com\/region\/Edition-vaucluse\" target=\"_blank\" rel=\"noopener\">Vaucluse<\/a> est un d\u00e9partement que je connais bien et que j&rsquo;appr\u00e9cie\u00a0\u00bb, dixit l&rsquo;int\u00e9ress\u00e9e.<\/p>\n<p>L&rsquo;apothicaire, sp\u00e9cialis\u00e9e dans la micronutrition et le mat\u00e9riel orthop\u00e9dique, souhaite, sur le moyen terme, d\u00e9velopper l&rsquo;aspect maintien \u00e0 domicile, la parapharmacie et l&rsquo;accompagnement des <a href=\"https:\/\/www.laprovence.com\/article\/sante\/8275515877543714\/grossesse-une-femme-sur-quatre-a-subi-des-soins-irrespectueux-a-la-maternite\" target=\"_blank\" rel=\"noopener\">femmes enceintes<\/a>, en plus de l&rsquo;aromath\u00e9rapie et des produits v\u00e9t\u00e9rinaires d\u00e9j\u00e0 d\u00e9velopp\u00e9s sur place. Sans oublier que la nouvelle g\u00e9rante a d\u00e9j\u00e0 apport\u00e9 des modifications dans la surface de vente en int\u00e9grant une salle orthop\u00e9dique et de consultation (<a href=\"https:\/\/www.laprovence.com\/article\/region\/3474907439085215\/face-a-la-penurie-de-medecins-des-teleconsultations-dans-les-pharmacies-pour-traiter-la-bobologie\" target=\"_blank\" rel=\"noopener\">cabine de t\u00e9l\u00e9consultation<\/a>). \u00c0 ses c\u00f4t\u00e9s, elle pourra s&rsquo;appuyer sur une \u00e9quipe en place dynamique, compos\u00e9e de trois pr\u00e9paratrices en pharmacie et d&rsquo;une pharmacienne assistante.<\/p>\n<p><img alt=\"Une partie de l'\u00e9quipe en poste durant l'ann\u00e9e 2025.\" loading=\"lazy\" decoding=\"async\" data-nimg=\"fill\" class=\" TwicCore_img__i9TC1 undefined  undefined\" style=\"position:absolute;height:100%;width:100%;left:0;top:0;right:0;bottom:0;color:transparent;background-size:cover;background-position:50% 50%;background-repeat:no-repeat;background-image:url(&quot;data:image\/svg+xml;charset=utf-8,%3Csvg xmlns='http:\/\/www.w3.org\/2000\/svg' %3E%3Cfilter id='b' color-interpolation-filters='sRGB'%3E%3CfeGaussianBlur stdDeviation='20'\/%3E%3CfeColorMatrix values='1 0 0 0 0 0 1 0 0 0 0 0 1 0 0 0 0 0 100 -1' result='s'\/%3E%3CfeFlood x='0' y='0' width='100%25' height='100%25'\/%3E%3CfeComposite operator='out' in='s'\/%3E%3CfeComposite in2='SourceGraphic'\/%3E%3CfeGaussianBlur stdDeviation='20'\/%3E%3C\/filter%3E%3Cimage width='100%25' height='100%25' x='0' y='0' preserveAspectRatio='none' style='filter: url(%23b);' href='https:\/\/pictures.laprovence.com\/cdn-cgi\/image\/blur=250\/media\/melody\/2025\/12\/31\/photo-1767210374_9427cdcf65596b827cdcf6559bb27cv_.jpg'\/%3E%3C\/svg%3E&quot;)\"   src=\"https:\/\/www.europesays.com\/fr\/wp-content\/uploads\/2026\/01\/photo-1767210374_9427cdcf65596b827cdcf6559bb27cv_.jpg\"\/>Une partie de l&rsquo;\u00e9quipe en poste durant l&rsquo;ann\u00e9e 2025. \/ PHOTO DR<\/p>\n<p>Enfin, form\u00e9e en la mati\u00e8re, la nouvelle titulaire est apte \u00e0 pratiquer tous les vaccins du calendrier vaccinal sans prescription m\u00e9dicale n\u00e9cessaire, selon un <a href=\"https:\/\/www.laprovence.com\/article\/sante\/39666283349852\/vaccination-anti-hpv-le-rattrapage-jusqu-a-26-ans-rembourse\" target=\"_blank\" rel=\"noopener\">cadre r\u00e9glementaire<\/a> national bien d\u00e9fini. Bienvenue au sein de la commune.<\/p>\n<p>Pharmacie de Velleron : 319 route de Cavaillon. Places de parking privatives. Horaires d&rsquo;ouverture : 8 h 30 &#8211; 12 h 30 \/ 14 h 30 &#8211; 19 h 30, du lundi au vendredi et 8 h 30 &#8211; 12 h 30 le samedi matin.<\/p>\n","protected":false},"excerpt":{"rendered":"Passation de pouvoir au sein de la pharmacie du village. Chlo\u00e9 Derrien a remplac\u00e9, en cette ann\u00e9e 2025,&hellip;\n","protected":false},"author":2,"featured_media":635121,"comment_status":"","ping_status":"","sticky":false,"template":"","format":"standard","meta":{"footnotes":""},"categories":[10],"tags":[17,23138,74283,932,1011,27,49563,72,2043,15299,3583,71],"class_list":{"0":"post-635120","1":"post","2":"type-post","3":"status-publish","4":"format-standard","5":"has-post-thumbnail","7":"category-sante","8":"tag-17","9":"tag-chloe","10":"tag-derrien","11":"tag-est","12":"tag-fr","13":"tag-france","14":"tag-gerante","15":"tag-health","16":"tag-nouvelle","17":"tag-pharmacie","18":"tag-qui","19":"tag-sante"},"share_on_mastodon":{"url":"https:\/\/pubeurope.com\/@fr\/115822402223515285","error":""},"_links":{"self":[{"href":"https:\/\/www.europesays.com\/fr\/wp-json\/wp\/v2\/posts\/635120","targetHints":{"allow":["GET"]}}],"collection":[{"href":"https:\/\/www.europesays.com\/fr\/wp-json\/wp\/v2\/posts"}],"about":[{"href":"https:\/\/www.europesays.com\/fr\/wp-json\/wp\/v2\/types\/post"}],"author":[{"embeddable":true,"href":"https:\/\/www.europesays.com\/fr\/wp-json\/wp\/v2\/users\/2"}],"replies":[{"embeddable":true,"href":"https:\/\/www.europesays.com\/fr\/wp-json\/wp\/v2\/comments?post=635120"}],"version-history":[{"count":0,"href":"https:\/\/www.europesays.com\/fr\/wp-json\/wp\/v2\/posts\/635120\/revisions"}],"wp:featuredmedia":[{"embeddable":true,"href":"https:\/\/www.europesays.com\/fr\/wp-json\/wp\/v2\/media\/635121"}],"wp:attachment":[{"href":"https:\/\/www.europesays.com\/fr\/wp-json\/wp\/v2\/media?parent=635120"}],"wp:term":[{"taxonomy":"category","embeddable":true,"href":"https:\/\/www.europesays.com\/fr\/wp-json\/wp\/v2\/categories?post=635120"},{"taxonomy":"post_tag","embeddable":true,"href":"https:\/\/www.europesays.com\/fr\/wp-json\/wp\/v2\/tags?post=635120"}],"curies":[{"name":"wp","href":"https:\/\/api.w.org\/{rel}","templated":true}]}}