{"id":635123,"date":"2026-01-01T23:20:16","date_gmt":"2026-01-01T23:20:16","guid":{"rendered":"https:\/\/www.europesays.com\/fr\/635123\/"},"modified":"2026-01-01T23:20:16","modified_gmt":"2026-01-01T23:20:16","slug":"quinte-du-vendredi-2-janvier-2026-en-nocturne-a-deauville-les-pronostics","status":"publish","type":"post","link":"https:\/\/www.europesays.com\/fr\/635123\/","title":{"rendered":"Quint\u00e9 du vendredi 2 janvier 2026 en nocturne \u00e0 Deauville : les pronostics"},"content":{"rendered":"<p class=\"article-p mdl\">Retrouvez les pronostics de Dominique Cordier pour le Quint\u00e9 du vendredi 2 janvier 2026 en nocturne \u00e0 Deauville, le Prix de la Seulles. <strong>D\u00e9part \u00e0 20h15. 15 partants (le 16 Boisemont est non partant). <\/strong>Plat. Handicap. 1.300 m\u00e8tres. Piste en sable fibr\u00e9. Pur-sang de 4 ans.&#13;<\/p>\n<p class=\"article-p mdl\">A quelle sauce seront-nous mang\u00e9s cette fois ? Telle est la question.&#13;<\/p>\n<p class=\"article-p mdl\">Le <strong>7 O Sole Mio\u00a0<\/strong>est mieux loti au d\u00e9part qu\u2019il ne l\u2019\u00e9tait en dernier lieu, o\u00f9 il a termin\u00e9 8 en finissant bien, mais trop tard.&#13;<\/p>\n<p class=\"article-p mdl\">Du fait qu\u2019il s\u2019\u00e9lance de la stalle 10, il devrait cette fois disputer la victoire dans ce lot tr\u00e8s homog\u00e8ne.&#13;<br \/>Le <strong>5 Valmacca<\/strong> a d\u00e9j\u00e0 remarquablement couru ici et traverse la France pour honorer ce bel engagement. On est oblig\u00e9 d\u2019y croire.&#13;<\/p>\n<p class=\"article-p mdl\">L\u2019outsider de RTL, le <strong>11 Tyson<\/strong>, est entra\u00een\u00e9 sur place, ce qui demeure un r\u00e9el avantage. Il manque encore d\u2019exp\u00e9rience, mais sa qualit\u00e9 est av\u00e9r\u00e9e.&#13;<\/p>\n<p class=\"article-p mdl\">Le <strong>9 Zangar <\/strong>manque de gourmandise, mais sa r\u00e9gularit\u00e9 et la monte de St\u00e9phane Pasquier lui vaudront des preneurs, \u00e0 juste titre d\u2019ailleurs.&#13;<\/p>\n<p class=\"article-p mdl\">Attention au <strong>2 Paris Babe<\/strong>, laur\u00e9at sur ce parcours lors de son avant-derni\u00e8re sortie. Cela se respecte.<\/p>\n<p>            Les pronostics<\/p>\n<p class=\"article-p mdl\">7. O Sole Mio&#13;<br \/>5. Valmacca&#13;<br \/>2. Paris Babe&#13;<br \/>9. Zangar&#13;<br \/>11. Tyson&#13;<br \/>6. Schuman&#13;<br \/>4. Secret Wood<\/p>\n<p>    L&rsquo;outsider de RTL<\/p>\n<p class=\"article-p mdl\">11. Tyson<\/p>\n<p>    R\u00e9sultats du mercredi 31 d\u00e9cembre 2025 \u00e0 Vincennes<\/p>\n<p class=\"article-p mdl\">Le favori de RTL se classe 5e, l\u2019outsider de RTL 2e. La s\u00e9lection indique le Quint\u00e9.<\/p>\n<p>    La r\u00e9daction vous recommande<\/p>\n<p class=\"s-newsletter__title\">\n                L\u2019actualit\u00e9 par la r\u00e9daction de RTL dans votre bo\u00eete mail.\n            <\/p>\n<p class=\"s-newsletter__subtitle\">\n                Gr\u00e2ce \u00e0 votre compte RTL abonnez-vous \u00e0 la newsletter RTL info pour suivre toute l&rsquo;actualit\u00e9 au quotidien\n            <\/p>\n<p>\n                                    Lire la suite\n                                <\/p>\n","protected":false},"excerpt":{"rendered":"Retrouvez les pronostics de Dominique Cordier pour le Quint\u00e9 du vendredi 2 janvier 2026 en nocturne \u00e0 Deauville,&hellip;\n","protected":false},"author":2,"featured_media":3836,"comment_status":"","ping_status":"","sticky":false,"template":"","format":"standard","meta":{"footnotes":""},"categories":[8],"tags":[2621,2622,58,59,107,2619,1011,27,2623,362],"class_list":{"0":"post-635123","1":"post","2":"type-post","3":"status-publish","4":"format-standard","5":"has-post-thumbnail","7":"category-divertissement","8":"tag-chevaux","9":"tag-courses","10":"tag-divertissement","11":"tag-entertainment","12":"tag-fil-info","13":"tag-fil-sport","14":"tag-fr","15":"tag-france","16":"tag-quinte","17":"tag-replay"},"share_on_mastodon":{"url":"https:\/\/pubeurope.com\/@fr\/115822410532771322","error":""},"_links":{"self":[{"href":"https:\/\/www.europesays.com\/fr\/wp-json\/wp\/v2\/posts\/635123","targetHints":{"allow":["GET"]}}],"collection":[{"href":"https:\/\/www.europesays.com\/fr\/wp-json\/wp\/v2\/posts"}],"about":[{"href":"https:\/\/www.europesays.com\/fr\/wp-json\/wp\/v2\/types\/post"}],"author":[{"embeddable":true,"href":"https:\/\/www.europesays.com\/fr\/wp-json\/wp\/v2\/users\/2"}],"replies":[{"embeddable":true,"href":"https:\/\/www.europesays.com\/fr\/wp-json\/wp\/v2\/comments?post=635123"}],"version-history":[{"count":0,"href":"https:\/\/www.europesays.com\/fr\/wp-json\/wp\/v2\/posts\/635123\/revisions"}],"wp:featuredmedia":[{"embeddable":true,"href":"https:\/\/www.europesays.com\/fr\/wp-json\/wp\/v2\/media\/3836"}],"wp:attachment":[{"href":"https:\/\/www.europesays.com\/fr\/wp-json\/wp\/v2\/media?parent=635123"}],"wp:term":[{"taxonomy":"category","embeddable":true,"href":"https:\/\/www.europesays.com\/fr\/wp-json\/wp\/v2\/categories?post=635123"},{"taxonomy":"post_tag","embeddable":true,"href":"https:\/\/www.europesays.com\/fr\/wp-json\/wp\/v2\/tags?post=635123"}],"curies":[{"name":"wp","href":"https:\/\/api.w.org\/{rel}","templated":true}]}}