{"id":635128,"date":"2026-01-01T23:23:13","date_gmt":"2026-01-01T23:23:13","guid":{"rendered":"https:\/\/www.europesays.com\/fr\/635128\/"},"modified":"2026-01-01T23:23:13","modified_gmt":"2026-01-01T23:23:13","slug":"bresil-la-justice-refuse-que-bolsonaro-purge-sa-peine-de-prison-a-domicile-le-figaro","status":"publish","type":"post","link":"https:\/\/www.europesays.com\/fr\/635128\/","title":{"rendered":"Br\u00e9sil : la justice refuse que Bolsonaro purge sa peine de prison \u00e0 domicile &#8211; Le Figaro"},"content":{"rendered":"<ol>\n<li><a href=\"https:\/\/news.google.com\/rss\/articles\/CBMivgFBVV95cUxQTGlZdlpDTkVHV0Nwamg5cnlNalRaYWd2amhhTURsN29oOW95QTBtN0J2MDZvZ1VrSm9zaFhJTlE2eVBXSi1tbEl1OUc0LVFiUkRPUDk2TnQ5Tm5kRG10bjJfMHJnSjZ6OFRvMjA0dy1nZUx1a3REc2F4ZFNEcUVxQ2NCVTM3dWhVMVg2SHgxWTRUWWZ0M2t6RGlnczJxeWlPdFhac3RRbjVHNWs1ZzBNc29aY1dOLVAwU1J5T2tR?oc=5\" target=\"_blank\" rel=\"noopener\">Br\u00e9sil : la justice refuse que Bolsonaro purge sa peine de prison \u00e0 domicile<\/a>&nbsp;&nbsp;Le Figaro<\/li>\n<li><a href=\"https:\/\/news.google.com\/rss\/articles\/CBMi_gFBVV95cUxORFBVeVh6b3ZBY0NMbWItbGVkOTZkRWFRYTdJZUQxbC1aMTg0U3FaSDdLMVQtWDlYdkpzYnBUcldfVFVlbi05bDFXZkQxTEtUbjlqOXBONzMzUEtRWk43WnRER1NSQjNudVkwNGg4VFFLYUlNM1RxanVtRFh4Yi1hVjNQYlpyN1poT1ZMUmJnVXU2TWNLVk1TMDN3VWNFUVE4MU16VmxsSWJJQmt3UkxNSkxPekRQVHkycjRPY21nRmlJNFdrODFJVWdjU181elVwYmFLUDUxMTJnRjJTTmFFMXpmN1dUNEcyX01tVEFka2FIWjZqdGZCSUtuaTVtZw?oc=5\" target=\"_blank\" rel=\"noopener\">La Cour supr\u00eame du Br\u00e9sil rejette la demande de l&rsquo;ex-pr\u00e9sident Jair Bolsonaro pour purger sa peine de prison \u00e0 domicile<\/a>&nbsp;&nbsp;Franceinfo<\/li>\n<li><a href=\"https:\/\/news.google.com\/rss\/articles\/CBMihwJBVV95cUxQM1YyWkhydXZWWHF4RXpqNWF4Qmc3cDNRNDhud1ZjenBlbkp4dmhjenkwX0FQczJsRTI4X0ZNWXJOdjE2eVRnWERsdnVHb0pLbXRpUWl4TEl6Y2tzTXNudXF1X1E3TTJEUGs4emx0VFNERWRxN1ZlTzAzRFE0bkVwY2doUy16OXM5ZzFMckNsUlgzVnAzWUcwWjkyYzJuZlJULWRPcWk5VEdwTF9hVkxVYjRlOUFSYXk0eTloNHRvSDBUUk9qakg3em1qc0tXU2g5d0JTdTdyZWJ4bnd6T0E2b0FnV3A0M0NJSEpmdFhlTmwwZzR3T2tKRjdTM2s2T2w1VC1MOXZLRQ?oc=5\" target=\"_blank\" rel=\"noopener\">Au Br\u00e9sil, la Cour supr\u00eame rejette la demande de Jair Bolsonaro de purger sa peine de prison \u00e0 domicile<\/a>&nbsp;&nbsp;Le Monde.fr<\/li>\n<li><a href=\"https:\/\/news.google.com\/rss\/articles\/CBMivAFBVV95cUxNMGMzSDdxOWR2V25DUFl3Yks5Y1lmTTVYazNxamhES1J3NE9rNU50LXVNRUJpamdKN2dPdTZ4VUx2Vk9Ea0UxU1hrNWFNNWNxcTRlZldKLWI2X0FUekdyWkNDbzJNbXlqbHJQekFvdWZ1V0JjSzc3RjRJamRKTEhBbkczVk4wdmItdmtZazNDNUNySW9UVTBCeWZON0dJZWtjdGRHWFBaSWQwNENGR3FOX3FYQXdoTXVHbmYzbQ?oc=5\" target=\"_blank\" rel=\"noopener\">Bolsonaro a subi une intervention m\u00e9dicale pour traiter ses crises de hoquet<\/a>&nbsp;&nbsp;Le Figaro<\/li>\n<li><a href=\"https:\/\/news.google.com\/rss\/articles\/CBMi5AFBVV95cUxOcWFWLTg5MkhCVGVpYUVXX0xqWGx2T1RNdElzOEhFanlGTnhDWmtzbUJ2b0FFYVpJbGJVeTFzbGhuYndtY2RDaGlYNWkybXlka21COEl5WE1IMjJ2M0pza3BNcHh0aGt5a1B2REtETEVoV0pfSWhES0NjeHhIcXBsaXFvVFUwcVBLY3dCWmZnZ1ZGWHdsWWJzUm5fMFR4NVI4dmRGQXF6bXRRNUNFTGQyTXFqdVdyWlZRN2R1dEh0NGdXRGZVN0hvM0lVNVp3Nl9ya2tUYUt2aTMxT0QwQ21POUsyRHA?oc=5\" target=\"_blank\" rel=\"noopener\">Br\u00e9sil : nouvel \u00e9chec de Bolsonaro face \u00e0 la justice, malgr\u00e9 le soutien de l\u2019administration Trump<\/a>&nbsp;&nbsp;Le Nouvel Obs<\/li>\n<\/ol>\n","protected":false},"excerpt":{"rendered":"Br\u00e9sil : la justice refuse que Bolsonaro purge sa peine de prison \u00e0 domicile&nbsp;&nbsp;Le Figaro La Cour supr\u00eame&hellip;\n","protected":false},"author":2,"featured_media":635129,"comment_status":"","ping_status":"","sticky":false,"template":"","format":"standard","meta":{"footnotes":""},"categories":[5],"tags":[11,2548,1011,27,14,12,28],"class_list":{"0":"post-635128","1":"post","2":"type-post","3":"status-publish","4":"format-standard","5":"has-post-thumbnail","7":"category-international","8":"tag-actualites","9":"tag-bresil","10":"tag-fr","11":"tag-france","12":"tag-international","13":"tag-news","14":"tag-world"},"share_on_mastodon":{"url":"https:\/\/pubeurope.com\/@fr\/115822421876586730","error":""},"_links":{"self":[{"href":"https:\/\/www.europesays.com\/fr\/wp-json\/wp\/v2\/posts\/635128","targetHints":{"allow":["GET"]}}],"collection":[{"href":"https:\/\/www.europesays.com\/fr\/wp-json\/wp\/v2\/posts"}],"about":[{"href":"https:\/\/www.europesays.com\/fr\/wp-json\/wp\/v2\/types\/post"}],"author":[{"embeddable":true,"href":"https:\/\/www.europesays.com\/fr\/wp-json\/wp\/v2\/users\/2"}],"replies":[{"embeddable":true,"href":"https:\/\/www.europesays.com\/fr\/wp-json\/wp\/v2\/comments?post=635128"}],"version-history":[{"count":0,"href":"https:\/\/www.europesays.com\/fr\/wp-json\/wp\/v2\/posts\/635128\/revisions"}],"wp:featuredmedia":[{"embeddable":true,"href":"https:\/\/www.europesays.com\/fr\/wp-json\/wp\/v2\/media\/635129"}],"wp:attachment":[{"href":"https:\/\/www.europesays.com\/fr\/wp-json\/wp\/v2\/media?parent=635128"}],"wp:term":[{"taxonomy":"category","embeddable":true,"href":"https:\/\/www.europesays.com\/fr\/wp-json\/wp\/v2\/categories?post=635128"},{"taxonomy":"post_tag","embeddable":true,"href":"https:\/\/www.europesays.com\/fr\/wp-json\/wp\/v2\/tags?post=635128"}],"curies":[{"name":"wp","href":"https:\/\/api.w.org\/{rel}","templated":true}]}}