{"id":635132,"date":"2026-01-01T23:25:18","date_gmt":"2026-01-01T23:25:18","guid":{"rendered":"https:\/\/www.europesays.com\/fr\/635132\/"},"modified":"2026-01-01T23:25:18","modified_gmt":"2026-01-01T23:25:18","slug":"la-reunion-en-alerte-avant-une-eruption-probable-ou-imminente-du-piton-de-la-fournaise","status":"publish","type":"post","link":"https:\/\/www.europesays.com\/fr\/635132\/","title":{"rendered":"La R\u00e9union en alerte avant une \u00ab\u00a0\u00e9ruption probable ou imminente\u00a0\u00bb du Piton de la Fournaise"},"content":{"rendered":"<p class=\"article-p mdl\">La Pr\u00e9fecture de La R\u00e9union a annonc\u00e9 t\u00f4t jeudi 1er janvier le passage en alerte 1 du volcan du\u00a0<a class=\"link\" href=\"https:\/\/www.rtl.fr\/actu\/debats-societe\/video-la-reunion-premiere-eruption-de-l-annee-pour-le-piton-de-la-fournaise-7900186744\" title=\"VID\u00c9O - La R\u00e9union : premi\u00e8re \u00e9ruption de l&#039;ann\u00e9e pour le Piton de la Fournaise\" target=\"_blank\" rel=\"noopener\">Piton de la Fournaise<\/a>\u00a0pour \u00ab\u00a0\u00e9ruption probable ou imminente\u00a0\u00bb. \u00ab\u00a0Depuis 4h47 [1h47 \u00e0 Paris], l&rsquo;Observatoire du Piton de la Fournaise rel\u00e8ve une crise sismique au volcan\u00a0\u00bb, a indiqu\u00e9 la pr\u00e9fecture sur son compte X.<\/p>\n<p class=\"article-p mdl\">\u00ab\u00a0Ceci indique que le magma est en train de quitter le r\u00e9servoir magmatique et se propage vers la surface\u00a0\u00bb, pr\u00e9cise l&rsquo;observatoire en question dans un communiqu\u00e9 jeudi. Par cons\u00e9quent, la pr\u00e9fecture a enclench\u00e9 le niveau d&rsquo;alerte 1 et ordonn\u00e9 la fermeture de l&rsquo;enclos d\u00e8s 6 heures (3 heures \u00e0 Paris) pour le premier jour de l&rsquo;ann\u00e9e 2026.<\/p>\n<p class=\"article-p mdl\">Situ\u00e9 dans une zone inhabit\u00e9e du sud-est de La R\u00e9union, le Piton de la Fournaise est l&rsquo;un des volcans les plus actifs au monde. Il est entr\u00e9 en \u00e9ruption \u00e0 une vingtaine de reprises au cours des dix derni\u00e8res ann\u00e9es. Ses jaillissements provoquent un \u00e9coulement de lave tr\u00e8s spectaculaire.<\/p>\n<blockquote class=\"twitter-tweet\">\n<p lang=\"fr\" dir=\"ltr\"><a href=\"https:\/\/twitter.com\/hashtag\/Volcan?src=hash&amp;ref_src=twsrc%5Etfw\" target=\"_blank\" rel=\"noopener\">#Volcan<\/a> | Passage en alerte 1 : \u00e9ruption probable ou imminente<br \/>Depuis 4h47, l&rsquo;Observatoire du Piton de la Fournaise rel\u00e8ve une crise sismique au volcan.<br \/>Le pr\u00e9fet de La R\u00e9union a activ\u00e9 l&rsquo;alerte 1 et ordonn\u00e9 la fermeture de l&rsquo;enclos d\u00e8s 6h ce 1er janvier.<a href=\"https:\/\/twitter.com\/ObsFournaise?ref_src=twsrc%5Etfw\" target=\"_blank\" rel=\"noopener\">@ObsFournaise<\/a> <a href=\"https:\/\/t.co\/Cy90j4pwon\">pic.twitter.com\/Cy90j4pwon<\/a><\/p>\n<p>\u2014 Pr\u00e9fet de La R\u00e9union (@Prefet974) <a href=\"https:\/\/twitter.com\/Prefet974\/status\/2006554202261311564?ref_src=twsrc%5Etfw\" target=\"_blank\" rel=\"noopener\">January 1, 2026<\/a><\/p><\/blockquote>\n<p class=\"article-p mdl\">\u00c0 13 heures sur place (10 heures \u00e0 Paris), l&rsquo;activit\u00e9 du volcan semblait encore calme d&rsquo;apr\u00e8s les images d&rsquo;une\u00a0<a class=\"link\" href=\"https:\/\/www.reunion.fr\/organisez\/webcams\/webcam-volcan-piton-de-la-fournaise\/\" target=\"_blank\" rel=\"noopener\">webcam en direct<\/a>\u00a0consult\u00e9e.<\/p>\n<p>    La r\u00e9daction vous recommande<\/p>\n<p class=\"s-newsletter__title\">\n                L\u2019actualit\u00e9 par la r\u00e9daction de RTL dans votre bo\u00eete mail.\n            <\/p>\n<p class=\"s-newsletter__subtitle\">\n                Gr\u00e2ce \u00e0 votre compte RTL abonnez-vous \u00e0 la newsletter RTL info pour suivre toute l&rsquo;actualit\u00e9 au quotidien\n            <\/p>\n<p>\n                                    Lire la suite\n                                <\/p>\n<p>                            <script async src=\"https:\/\/platform.twitter.com\/widgets.js\" charset=\"utf-8\"><\/script><\/p>\n","protected":false},"excerpt":{"rendered":"La Pr\u00e9fecture de La R\u00e9union a annonc\u00e9 t\u00f4t jeudi 1er janvier le passage en alerte 1 du volcan&hellip;\n","protected":false},"author":2,"featured_media":635133,"comment_status":"","ping_status":"","sticky":false,"template":"","format":"standard","meta":{"footnotes":""},"categories":[2],"tags":[11,107,1011,27,6336,12,20275],"class_list":{"0":"post-635132","1":"post","2":"type-post","3":"status-publish","4":"format-standard","5":"has-post-thumbnail","7":"category-actualites","8":"tag-actualites","9":"tag-fil-info","10":"tag-fr","11":"tag-france","12":"tag-la-reunion","13":"tag-news","14":"tag-volcan"},"share_on_mastodon":{"url":"https:\/\/pubeurope.com\/@fr\/115822429723666906","error":""},"_links":{"self":[{"href":"https:\/\/www.europesays.com\/fr\/wp-json\/wp\/v2\/posts\/635132","targetHints":{"allow":["GET"]}}],"collection":[{"href":"https:\/\/www.europesays.com\/fr\/wp-json\/wp\/v2\/posts"}],"about":[{"href":"https:\/\/www.europesays.com\/fr\/wp-json\/wp\/v2\/types\/post"}],"author":[{"embeddable":true,"href":"https:\/\/www.europesays.com\/fr\/wp-json\/wp\/v2\/users\/2"}],"replies":[{"embeddable":true,"href":"https:\/\/www.europesays.com\/fr\/wp-json\/wp\/v2\/comments?post=635132"}],"version-history":[{"count":0,"href":"https:\/\/www.europesays.com\/fr\/wp-json\/wp\/v2\/posts\/635132\/revisions"}],"wp:featuredmedia":[{"embeddable":true,"href":"https:\/\/www.europesays.com\/fr\/wp-json\/wp\/v2\/media\/635133"}],"wp:attachment":[{"href":"https:\/\/www.europesays.com\/fr\/wp-json\/wp\/v2\/media?parent=635132"}],"wp:term":[{"taxonomy":"category","embeddable":true,"href":"https:\/\/www.europesays.com\/fr\/wp-json\/wp\/v2\/categories?post=635132"},{"taxonomy":"post_tag","embeddable":true,"href":"https:\/\/www.europesays.com\/fr\/wp-json\/wp\/v2\/tags?post=635132"}],"curies":[{"name":"wp","href":"https:\/\/api.w.org\/{rel}","templated":true}]}}