{"id":635134,"date":"2026-01-01T23:26:12","date_gmt":"2026-01-01T23:26:12","guid":{"rendered":"https:\/\/www.europesays.com\/fr\/635134\/"},"modified":"2026-01-01T23:26:12","modified_gmt":"2026-01-01T23:26:12","slug":"loire-nos-idees-on-fait-quoi-ce-week-end-des-3-et-4-janvier","status":"publish","type":"post","link":"https:\/\/www.europesays.com\/fr\/635134\/","title":{"rendered":"Loire | Nos id\u00e9es. On fait quoi ce week-end des 3 et 4\u00a0janvier\u00a0?"},"content":{"rendered":"<p class=\"insetTitle\">Blavozy &#8211; On fait un tour au salon du tatouage \u00e0 Blavozy<\/p>\n<p>Ce rendez-vous tr\u00e8s attendu a gagn\u00e9 ses lettres de noblesse au fil des ans. En ce d\u00e9but d\u2019ann\u00e9e, allez \u00e0 la d\u00e9couverte d\u2019authentiques artistes. La 13e \u00e9dition de la convention Tattoo43, organis\u00e9e par l\u2019entreprise Production Directe, se d\u00e9roulera de vendredi \u00e0 dimanche au centre socioculturel de Blavozy.<\/p>\n<p>Une cinquantaine de tatoueurs et artistes seront r\u00e9unis pour tatouer ceux qui le d\u00e9sirent, et des animations pour les enfants et les adultes rythmeront les trois jours\u00a0: battles de breakdance, concerts, blind test, quiz, concours de tatouages et de dessin\u2026<\/p>\n<p class=\"note\">Vendredi\u00a02 de 18 \u00e0 22\u00a0h, samedi\u00a03 de 10 \u00e0 22\u00a0h et dimanche 4\u00a0janvier de 10 \u00e0 18\u00a0h. Centre socioculturel. Tarifs\u00a0: 8\u00a0\u20ac, gratuit moins de 12 ans. Renseignements\u00a0: salontattoo43.com<\/p>\n","protected":false},"excerpt":{"rendered":"Blavozy &#8211; On fait un tour au salon du tatouage \u00e0 Blavozy Ce rendez-vous tr\u00e8s attendu a gagn\u00e9&hellip;\n","protected":false},"author":2,"featured_media":635135,"comment_status":"","ping_status":"","sticky":false,"template":"","format":"standard","meta":{"footnotes":""},"categories":[9653],"tags":[1111,11,2430,1687,7539,1777,674,1011,27,4002,3367,12,25,4001,7538],"class_list":{"0":"post-635134","1":"post","2":"type-post","3":"status-publish","4":"format-standard","5":"has-post-thumbnail","7":"category-saint-etienne","8":"tag-actu","9":"tag-actualites","10":"tag-auvergne-rhone-alpes","11":"tag-culture-loisirs","12":"tag-edition-loire-sud","13":"tag-eu","14":"tag-europe","15":"tag-fr","16":"tag-france","17":"tag-haute-loire","18":"tag-loire","19":"tag-news","20":"tag-republique-francaise","21":"tag-saint-etienne","22":"tag-saint-etienne-ville"},"share_on_mastodon":{"url":"https:\/\/pubeurope.com\/@fr\/115822433667941445","error":""},"_links":{"self":[{"href":"https:\/\/www.europesays.com\/fr\/wp-json\/wp\/v2\/posts\/635134","targetHints":{"allow":["GET"]}}],"collection":[{"href":"https:\/\/www.europesays.com\/fr\/wp-json\/wp\/v2\/posts"}],"about":[{"href":"https:\/\/www.europesays.com\/fr\/wp-json\/wp\/v2\/types\/post"}],"author":[{"embeddable":true,"href":"https:\/\/www.europesays.com\/fr\/wp-json\/wp\/v2\/users\/2"}],"replies":[{"embeddable":true,"href":"https:\/\/www.europesays.com\/fr\/wp-json\/wp\/v2\/comments?post=635134"}],"version-history":[{"count":0,"href":"https:\/\/www.europesays.com\/fr\/wp-json\/wp\/v2\/posts\/635134\/revisions"}],"wp:featuredmedia":[{"embeddable":true,"href":"https:\/\/www.europesays.com\/fr\/wp-json\/wp\/v2\/media\/635135"}],"wp:attachment":[{"href":"https:\/\/www.europesays.com\/fr\/wp-json\/wp\/v2\/media?parent=635134"}],"wp:term":[{"taxonomy":"category","embeddable":true,"href":"https:\/\/www.europesays.com\/fr\/wp-json\/wp\/v2\/categories?post=635134"},{"taxonomy":"post_tag","embeddable":true,"href":"https:\/\/www.europesays.com\/fr\/wp-json\/wp\/v2\/tags?post=635134"}],"curies":[{"name":"wp","href":"https:\/\/api.w.org\/{rel}","templated":true}]}}