{"id":635144,"date":"2026-01-01T23:39:11","date_gmt":"2026-01-01T23:39:11","guid":{"rendered":"https:\/\/www.europesays.com\/fr\/635144\/"},"modified":"2026-01-01T23:39:11","modified_gmt":"2026-01-01T23:39:11","slug":"pronostic-sc-bastia-grenoble-foot-ligue-2-2","status":"publish","type":"post","link":"https:\/\/www.europesays.com\/fr\/635144\/","title":{"rendered":"Pronostic SC Bastia Grenoble Foot &#8211; Ligue 2"},"content":{"rendered":"<p class=\"text-xs leading-5 text-gray-400 mb-2\">\n                        Publi\u00e9 le 01\/01\/2026 13:00<br \/>\n                        \u00a0par<br \/>\n                                                            <a href=\"https:\/\/www.sportytrader.com\/auteur\/steeven-occhipinti-1\/\" target=\"_blank\" rel=\"noopener\">Steeven Occhipinti<\/a><\/p>\n<p>                                                                                                            dans<br \/>\n                                <a data-trans=\"tips.published.competition %competition%\" href=\"https:\/\/www.sportytrader.com\/pronostics\/football\/france\/ligue-2-124\/\" target=\"_blank\" rel=\"noopener\"><br \/>\n                                    Pronostic Ligue 2<br \/>\n                                <\/a><\/p>\n<p style=\"text-align: justify;\">Pour le compte de la 18e journ\u00e9e de la Ligue 2, le SC Bastia va d\u00e9fier le Grenoble Foot 38, ce samedi \u00e0 20h00 au Stade Armand-Cesari. Les locaux ont su retrouver un peu le sourire \u00e0 la fin de l&rsquo;ann\u00e9e 2025, en se qualifiant pour les 16es de finale de la Coupe de France. En championnat, c&rsquo;est toutefois tr\u00e8s compliqu\u00e9 pour le club corse ! Il est bloqu\u00e9 \u00e0 la derni\u00e8re place du classement et compte d\u00e9j\u00e0 10 longueurs de retard sur le premier non-rel\u00e9gable. En plus d&rsquo;avoir perdu sur tapis-vert face au Red Star, l&rsquo;\u00e9quipe entra\u00een\u00e9e par\u00a0R\u00e9ginald Ray n&rsquo;a plus gagn\u00e9 depuis le 31 octobre dernier en Ligue 2.<\/p>\n<p style=\"text-align: justify;\">Malgr\u00e9 son \u00e9limination en Coupe de France face \u00e0 l&rsquo;AS Nancy-Lorraine \u00e0 l&rsquo;issue de la s\u00e9ance de tirs au but, le GF38 d\u00e9barque bien plus en forme dans cette \u00e9dition de la Ligue 2. Il n&rsquo;a perdu qu&rsquo;une seule fois lors de ses 6 pr\u00e9c\u00e9dentes journ\u00e9es et est remont\u00e9 \u00e0 la 11e position du classement. Les hommes de\u00a0Franck Rizzetto ont d&rsquo;ailleurs toujours fait parler la poudre lors de leurs 5 derni\u00e8res rencontres de championnat. Ils comptent bien poursuivre sur leur lanc\u00e9e pour ce d\u00e9placement sur la pelouse de l&rsquo;une des moins bonnes d\u00e9fenses de la deuxi\u00e8me division tricolore.<\/p>\n","protected":false},"excerpt":{"rendered":"Publi\u00e9 le 01\/01\/2026 13:00 \u00a0par Steeven Occhipinti dans Pronostic Ligue 2 Pour le compte de la 18e journ\u00e9e&hellip;\n","protected":false},"author":2,"featured_media":635145,"comment_status":"","ping_status":"","sticky":false,"template":"","format":"standard","meta":{"footnotes":""},"categories":[9566],"tags":[1111,11,2430,1777,674,1011,27,2731,11705,446,12,1817,1821,25,5628],"class_list":{"0":"post-635144","1":"post","2":"type-post","3":"status-publish","4":"format-standard","5":"has-post-thumbnail","7":"category-grenoble","8":"tag-actu","9":"tag-actualites","10":"tag-auvergne-rhone-alpes","11":"tag-eu","12":"tag-europe","13":"tag-fr","14":"tag-france","15":"tag-grenoble","16":"tag-grenoble-foot","17":"tag-ligue-2","18":"tag-news","19":"tag-pronostic","20":"tag-pronostics","21":"tag-republique-francaise","22":"tag-sc-bastia"},"share_on_mastodon":{"url":"https:\/\/pubeurope.com\/@fr\/115822484672946503","error":""},"_links":{"self":[{"href":"https:\/\/www.europesays.com\/fr\/wp-json\/wp\/v2\/posts\/635144","targetHints":{"allow":["GET"]}}],"collection":[{"href":"https:\/\/www.europesays.com\/fr\/wp-json\/wp\/v2\/posts"}],"about":[{"href":"https:\/\/www.europesays.com\/fr\/wp-json\/wp\/v2\/types\/post"}],"author":[{"embeddable":true,"href":"https:\/\/www.europesays.com\/fr\/wp-json\/wp\/v2\/users\/2"}],"replies":[{"embeddable":true,"href":"https:\/\/www.europesays.com\/fr\/wp-json\/wp\/v2\/comments?post=635144"}],"version-history":[{"count":0,"href":"https:\/\/www.europesays.com\/fr\/wp-json\/wp\/v2\/posts\/635144\/revisions"}],"wp:featuredmedia":[{"embeddable":true,"href":"https:\/\/www.europesays.com\/fr\/wp-json\/wp\/v2\/media\/635145"}],"wp:attachment":[{"href":"https:\/\/www.europesays.com\/fr\/wp-json\/wp\/v2\/media?parent=635144"}],"wp:term":[{"taxonomy":"category","embeddable":true,"href":"https:\/\/www.europesays.com\/fr\/wp-json\/wp\/v2\/categories?post=635144"},{"taxonomy":"post_tag","embeddable":true,"href":"https:\/\/www.europesays.com\/fr\/wp-json\/wp\/v2\/tags?post=635144"}],"curies":[{"name":"wp","href":"https:\/\/api.w.org\/{rel}","templated":true}]}}