{"id":63515,"date":"2025-04-30T04:45:10","date_gmt":"2025-04-30T04:45:10","guid":{"rendered":"https:\/\/www.europesays.com\/fr\/63515\/"},"modified":"2025-04-30T04:45:10","modified_gmt":"2025-04-30T04:45:10","slug":"voici-les-details-du-parcours-et-lheure-du-defile","status":"publish","type":"post","link":"https:\/\/www.europesays.com\/fr\/63515\/","title":{"rendered":"voici les d\u00e9tails du parcours et l&rsquo;heure du d\u00e9fil\u00e9"},"content":{"rendered":"<p>            Par<br \/>\n        <strong><br \/>\n            <a href=\"https:\/\/actu.fr\/auteur\/julien-damboise\" title=\"Consulter tous les articles de Julien Damboise\" target=\"_blank\" rel=\"noopener\">Julien Damboise<\/a><br \/>\n        <\/strong><\/p>\n<p>        Publi\u00e9 le<\/p>\n<p>            30 avr. 2025 \u00e0 6h12        <\/p>\n<p>\u00ab\u00a0De l\u2019argent, il y en a !\u00a0\u00bb Ce jeudi 1\u1d49\u02b3 mai 2025, les Lyonnais vont voir passer une <a href=\"https:\/\/actu.fr\/tag\/manifestations\" target=\"_blank\" rel=\"noopener\">manifestation<\/a> \u00e0 l\u2019occasion de la <strong>F\u00eate du Travail<\/strong>.<\/p>\n<p class=\" wall-content\">Les syndicats du Rh\u00f4ne esp\u00e8rent mobiliser massivement \u00e0 <a href=\"https:\/\/actu.fr\/auvergne-rhone-alpes\/lyon_69123\" target=\"_blank\" rel=\"noopener\">Lyon<\/a>, o\u00f9 la manifestation avait \u00e9t\u00e9 peu suivie l\u2019an dernier avec seulement 6 500 manifestants selon la police et 13 000 selon la CGT. De violents affrontements avaient aussi \u00e9clat\u00e9.<\/p>\n<p class=\" wall-content\">Voici le parcours et les horaires pour cette ann\u00e9e.<\/p>\n<p>Un parcours \u00e0 travers le centre-ville<\/p>\n<p class=\" wall-content\">Pour ce nouveau rassemblement \u00e0 Lyon, l\u2019intersyndicale du Rh\u00f4ne a une fois de plus fix\u00e9 le rendez-vous \u00e0 <strong>10 h 30 \u00e0 la station de m\u00e9tro Garibaldi<\/strong> dans le 7\u1d49 arrondissement de Lyon.<\/p>\n<p class=\" wall-content\">Le cort\u00e8ge s\u2019\u00e9lancera ensuite tout droit en direction de la place <a href=\"https:\/\/actu.fr\/tag\/bellecour\" target=\"_blank\" rel=\"noopener\">Bellecour<\/a>, jusqu\u2019au pied de la statue de Louis XIV. Pour \u00e9viter les d\u00e9gradations sur l\u2019H\u00f4tel Dieu, les manifestants ne devraient pas \u00eatre autoris\u00e9s \u00e0 p\u00e9n\u00e9trer dans la rue de la Barre, mais plut\u00f4t par la place Antonin Poncet.<\/p>\n<p>Vid\u00e9os : en ce moment sur Actu<\/p>\n<p class=\" wall-content\">En effet, l\u2019ann\u00e9e derni\u00e8re, d\u2019importantes violences avaient \u00e9clat\u00e9 entre des individus cagoul\u00e9s et v\u00eatus de noir, les <strong>blacks blocs<\/strong> et la police. Du mobilier urbain avait \u00e9t\u00e9 br\u00fbl\u00e9, des banques saccag\u00e9es. Deux policiers avaient \u00e9t\u00e9 bless\u00e9s.<\/p>\n<p>Un message international<\/p>\n<p class=\" wall-content\">Dans son communiqu\u00e9, la CGT \u00e9voque une ann\u00e9e avec \u00ab\u00a0un sens particulier : Alors que les guerres se propagent pour les profits de quelques-uns, les syndicats appellent partout sur la plan\u00e8te les salari\u00e9s \u00e0 manifester pour d\u00e9fendre la paix juste et durable, c\u2019est-\u00e0-dire non<br \/>pas aux conditions des agresseurs, mais dans le <strong>respect du droit international<\/strong>. Apr\u00e8s les drames de centaines de milliers de morts, notamment en Ukraine et en Palestine, le droit des peuples doit \u00eatre urgemment appliqu\u00e9. Il en va de notre humanit\u00e9\u00a0\u00bb.<\/p>\n<p class=\" wall-content\">\u00ab\u00a0Partout le <strong>poison de la division<\/strong> progresse, instrumentalis\u00e9, voire organis\u00e9 par l\u2019extr\u00eame droite et les m\u00e9dias des milliardaires\u00a0\u00bb, ajoute le syndicat qui revendique notamment deux choses : \u00ab\u00a0n\u00e9gocier des augmentations de salaire brut\u00a0\u00bb et \u00ab\u00a0gagner l\u2019abrogation de la retraite \u00e0 64 ans\u00a0\u00bb.<\/p>\n<p class=\" wall-content\">Reste \u00e0 savoir si ces messages seront entendus.<\/p>\n<p class=\" wall-content\">Suivez toute l\u2019actualit\u00e9 de vos villes et m\u00e9dias favoris en vous inscrivant \u00e0 <a href=\"https:\/\/moncompte.actu.fr\" title=\"D\u00e9couvez Mon Actu\" rel=\"nofollow noopener\" data-trk=\"{&quot;cta&quot;:{&quot;action&quot;:&quot;https:\\\/\\\/moncompte.actu.fr&quot;,&quot;category&quot;:&quot;mon compte&quot;,&quot;from&quot;:&quot;article footer&quot;,&quot;name&quot;:&quot;Mon actu&quot;,&quot;type&quot;:&quot;cta&quot;}}\" target=\"_blank\">Mon Actu<\/a>.<\/p>\n","protected":false},"excerpt":{"rendered":"Par Julien Damboise Publi\u00e9 le 30 avr. 2025 \u00e0 6h12 \u00ab\u00a0De l\u2019argent, il y en a !\u00a0\u00bb Ce&hellip;\n","protected":false},"author":2,"featured_media":63516,"comment_status":"","ping_status":"","sticky":false,"template":"","format":"standard","meta":{"footnotes":""},"categories":[1889],"tags":[1111,11,2430,5272,1777,674,1011,27,2428,1272,12,1072,25,104],"class_list":{"0":"post-63515","1":"post","2":"type-post","3":"status-publish","4":"format-standard","5":"has-post-thumbnail","7":"category-lyon","8":"tag-actu","9":"tag-actualites","10":"tag-auvergne-rhone-alpes","11":"tag-bellecour","12":"tag-eu","13":"tag-europe","14":"tag-fr","15":"tag-france","16":"tag-lyon","17":"tag-manifestations","18":"tag-news","19":"tag-police","20":"tag-republique-francaise","21":"tag-societe"},"share_on_mastodon":{"url":"https:\/\/pubeurope.com\/@fr\/114425097355267365","error":""},"_links":{"self":[{"href":"https:\/\/www.europesays.com\/fr\/wp-json\/wp\/v2\/posts\/63515","targetHints":{"allow":["GET"]}}],"collection":[{"href":"https:\/\/www.europesays.com\/fr\/wp-json\/wp\/v2\/posts"}],"about":[{"href":"https:\/\/www.europesays.com\/fr\/wp-json\/wp\/v2\/types\/post"}],"author":[{"embeddable":true,"href":"https:\/\/www.europesays.com\/fr\/wp-json\/wp\/v2\/users\/2"}],"replies":[{"embeddable":true,"href":"https:\/\/www.europesays.com\/fr\/wp-json\/wp\/v2\/comments?post=63515"}],"version-history":[{"count":0,"href":"https:\/\/www.europesays.com\/fr\/wp-json\/wp\/v2\/posts\/63515\/revisions"}],"wp:featuredmedia":[{"embeddable":true,"href":"https:\/\/www.europesays.com\/fr\/wp-json\/wp\/v2\/media\/63516"}],"wp:attachment":[{"href":"https:\/\/www.europesays.com\/fr\/wp-json\/wp\/v2\/media?parent=63515"}],"wp:term":[{"taxonomy":"category","embeddable":true,"href":"https:\/\/www.europesays.com\/fr\/wp-json\/wp\/v2\/categories?post=63515"},{"taxonomy":"post_tag","embeddable":true,"href":"https:\/\/www.europesays.com\/fr\/wp-json\/wp\/v2\/tags?post=63515"}],"curies":[{"name":"wp","href":"https:\/\/api.w.org\/{rel}","templated":true}]}}