{"id":635155,"date":"2026-01-01T23:49:16","date_gmt":"2026-01-01T23:49:16","guid":{"rendered":"https:\/\/www.europesays.com\/fr\/635155\/"},"modified":"2026-01-01T23:49:16","modified_gmt":"2026-01-01T23:49:16","slug":"connu-pour-ses-tubes-planetaires-sean-paul-est-bientot-en-concert-pour-la-premiere-fois-a-bordeaux","status":"publish","type":"post","link":"https:\/\/www.europesays.com\/fr\/635155\/","title":{"rendered":"Connu pour ses tubes plan\u00e9taires, Sean Paul est bient\u00f4t en concert pour la premi\u00e8re fois \u00e0 Bordeaux"},"content":{"rendered":"<p>                    Par<br \/>\n        <strong><br \/>\n            <a href=\"https:\/\/actu.fr\/auteur\/sports33\" title=\"Consulter tous les articles de Nicolas Gosselin\" target=\"_blank\" rel=\"noopener\">Nicolas Gosselin<\/a><br \/>\n                    <\/strong><\/p>\n<p>        Publi\u00e9 le<\/p>\n<p>            1 janv. 2026 \u00e0 15h46        <\/p>\n<p><a href=\"https:\/\/actu.fr\/nouvelle-aquitaine\/bordeaux_33063\/bordeaux-l-un-des-plus-grands-pianistes-du-siecle-monte-sur-la-scene-de-l-arkea-arena_63631618.html\" target=\"_blank\" rel=\"noopener\">Un mois avant Ludovico Einaudi<\/a>, une <strong>autre star plan\u00e9taire<\/strong> va se produire \u00e0 l\u2019<a href=\"https:\/\/actu.fr\/tag\/arkea-arena\" target=\"_blank\" rel=\"noopener\">Ark\u00e9a Arena<\/a> en 2026\u2026<\/p>\n<p class=\" wall-content\">Arriv\u00e9 en haut de la sc\u00e8ne internationale d\u00e8s le d\u00e9but des ann\u00e9es 2000, le chanteur <strong>Sean Paul<\/strong> est annonc\u00e9 <a href=\"https:\/\/actu.fr\/bordeaux\/loisirs-culture\/concert\" target=\"_blank\" rel=\"noopener\">en concert<\/a> pour la<strong> premi\u00e8re fois \u00e0 Bordeaux<\/strong> le 27 mai.<\/p>\n<p class=\" wall-content\">Cette ic\u00f4ne de la musique dancehall jama\u00efcaine est reconnue pour avoir popularis\u00e9 le dancehall au-del\u00e0 des Cara\u00efbes, en le m\u00ealant \u00e0 des \u00e9l\u00e9ments pop, reggae et hip-hop.<\/p>\n<p>Le concert affiche bient\u00f4t complet<\/p>\n<p class=\" wall-content\">Le rappeur s\u2019est impos\u00e9 avec des tubes plan\u00e9taires comme \u201cGimme the Light\u201d (2002) et \u201cGet Busy\u201d, avant de multiplier les collaborations \u00e0 succ\u00e8s avec Beyonc\u00e9 (\u201cBaby Boy\u201d, 2003), Sia (\u201cCheap Thrills\u201d, 2016) ou encore Dua Lipa (\u201cNo Lie\u201d, 2016).\u00a0<\/p>\n<p class=\" wall-content\">\n<p class=\" wall-content\">La billetterie pour le concert de Sean Paul \u00e0 l\u2019Ark\u00e9a Arena est ouverte depuis le 19 d\u00e9cembre et les places partent vite. Les billets sont <strong>en vente \u00e0 partir de 54,80 euros<\/strong> sur <a href=\"https:\/\/www.arkeaarena.com\/evenements\/sean-paul-en-concert-27-mai-2026-billetterie-bordeaux\" target=\"_blank\" rel=\"noopener\">le site de la salle de spectacle<\/a>.<\/p>\n<p class=\" wall-content\">Personnalisez votre actualit\u00e9 en ajoutant vos villes et m\u00e9dias en favori avec <a href=\"https:\/\/moncompte.actu.fr\" title=\"D\u00e9couvez Mon Actu\" rel=\"nofollow noopener\" data-trk=\"{&quot;cta&quot;:{&quot;action&quot;:&quot;https:\\\/\\\/moncompte.actu.fr&quot;,&quot;category&quot;:&quot;mon compte&quot;,&quot;from&quot;:&quot;article footer&quot;,&quot;name&quot;:&quot;Mon actu&quot;,&quot;type&quot;:&quot;cta&quot;}}\" target=\"_blank\">Mon Actu<\/a>.<\/p>\n","protected":false},"excerpt":{"rendered":"Par Nicolas Gosselin Publi\u00e9 le 1 janv. 2026 \u00e0 15h46 Un mois avant Ludovico Einaudi, une autre star&hellip;\n","protected":false},"author":2,"featured_media":635156,"comment_status":"","ping_status":"","sticky":false,"template":"","format":"standard","meta":{"footnotes":""},"categories":[2817],"tags":[1111,11,15890,1997,1697,1777,674,1011,27,1652,12,2219,25],"class_list":{"0":"post-635155","1":"post","2":"type-post","3":"status-publish","4":"format-standard","5":"has-post-thumbnail","7":"category-bordeaux","8":"tag-actu","9":"tag-actualites","10":"tag-arkea-arena","11":"tag-bordeaux","12":"tag-concert","13":"tag-eu","14":"tag-europe","15":"tag-fr","16":"tag-france","17":"tag-loisirs-culture","18":"tag-news","19":"tag-nouvelle-aquitaine","20":"tag-republique-francaise"},"share_on_mastodon":{"url":"https:\/\/pubeurope.com\/@fr\/115822524127510041","error":""},"_links":{"self":[{"href":"https:\/\/www.europesays.com\/fr\/wp-json\/wp\/v2\/posts\/635155","targetHints":{"allow":["GET"]}}],"collection":[{"href":"https:\/\/www.europesays.com\/fr\/wp-json\/wp\/v2\/posts"}],"about":[{"href":"https:\/\/www.europesays.com\/fr\/wp-json\/wp\/v2\/types\/post"}],"author":[{"embeddable":true,"href":"https:\/\/www.europesays.com\/fr\/wp-json\/wp\/v2\/users\/2"}],"replies":[{"embeddable":true,"href":"https:\/\/www.europesays.com\/fr\/wp-json\/wp\/v2\/comments?post=635155"}],"version-history":[{"count":0,"href":"https:\/\/www.europesays.com\/fr\/wp-json\/wp\/v2\/posts\/635155\/revisions"}],"wp:featuredmedia":[{"embeddable":true,"href":"https:\/\/www.europesays.com\/fr\/wp-json\/wp\/v2\/media\/635156"}],"wp:attachment":[{"href":"https:\/\/www.europesays.com\/fr\/wp-json\/wp\/v2\/media?parent=635155"}],"wp:term":[{"taxonomy":"category","embeddable":true,"href":"https:\/\/www.europesays.com\/fr\/wp-json\/wp\/v2\/categories?post=635155"},{"taxonomy":"post_tag","embeddable":true,"href":"https:\/\/www.europesays.com\/fr\/wp-json\/wp\/v2\/tags?post=635155"}],"curies":[{"name":"wp","href":"https:\/\/api.w.org\/{rel}","templated":true}]}}