{"id":635167,"date":"2026-01-01T23:56:12","date_gmt":"2026-01-01T23:56:12","guid":{"rendered":"https:\/\/www.europesays.com\/fr\/635167\/"},"modified":"2026-01-01T23:56:12","modified_gmt":"2026-01-01T23:56:12","slug":"abdelli-choisit-marseille-benatia-met-lyon-ko","status":"publish","type":"post","link":"https:\/\/www.europesays.com\/fr\/635167\/","title":{"rendered":"Abdelli choisit Marseille, Benatia met Lyon KO"},"content":{"rendered":"<p><b>La concurrence fait rage entre l\u2019OM et l\u2019OL dans le dossier Himad Abdelli. Le club phoc\u00e9en a toutefois pris une nette avance sur son concurrent lyonnais gr\u00e2ce \u00e0 l\u2019intervention de Medhi Benatia.<\/b><\/p>\n<p>En fin de contrat avec Angers dans six mois, Himad Abdelli est logiquement un joueur tr\u00e8s courtis\u00e9. Le meneur de jeu du <a href=\"https:\/\/www.foot01.com\/angers\" title=\"SCO\" target=\"_blank\" rel=\"noopener\">SCO<\/a> s\u2019est impos\u00e9 comme l\u2019une des r\u00e9f\u00e9rences en Ligue 1 et ses prestations ne sont pas pass\u00e9es inaper\u00e7ues du c\u00f4t\u00e9 de Lyon et de Marseille. <a href=\"https:\/\/www.foot01.com\/marseille\/om-accord-de-principe-entre-abdelli-et-marseille\" target=\"_self\" rel=\"noopener\">Les deux Olympiques sont tr\u00e8s int\u00e9ress\u00e9s<\/a> par une signature de l\u2019international alg\u00e9rien cet hiver.Un net avantage en faveur de l&rsquo;OM pour Abdelli ?<\/p>\n<p>Successivement, des accords de principe entre le joueur et l\u2019OL puis l\u2019OM ont \u00e9t\u00e9 annonc\u00e9s, sans que l\u2019on sache r\u00e9ellement vers quel club va la pr\u00e9f\u00e9rence d\u2019Himad Abdelli. Le compte insider La Minute OM apporte de nouvelles informations sur le dossier et en dit plus sur les intentions de celui qui dispute actuellement la CAN avec l\u2019Alg\u00e9rie. Selon le m\u00e9dia sp\u00e9cialis\u00e9 sur l\u2019Olympique de Marseille sur X, il est clair que l\u2019avantage est au club phoc\u00e9en d\u00e9sormais gr\u00e2ce \u00e0 l\u2019intervention d\u00e9cisive de Medhi Benatia.<\/p>\n<p>\u00ab Avanc\u00e9es notables dans le dossier Himad Abdelli ! L\u2019OM devance d\u00e9sormais l\u2019OL dans le dossier Himed Abdelli. L\u2019intervention de Medhi Benatia a permis de faire avancer les discussions avec le joueur\u00a0\u00bb a publi\u00e9 le compte X avant de poursuivre. \u00ab\u00a0Le dirigeant marseillais travaille sans rel\u00e2che pour conclure cette belle affaire. Discussion avec le Pr\u00e9sident angevin Said Chabane. Le joueur privil\u00e9gie toujours une arriv\u00e9e \u00e0 Marseille plut\u00f4t qu\u2019\u00e0 Lyon\u00a0\u00bb peut-on lire sur le r\u00e9seau social. L\u2019Olympique de Marseille aurait donc pris une s\u00e9rieuse option sur la signature d\u2019Himad Abdelli en obtenant l\u2019accord du joueur et sa pr\u00e9f\u00e9rence malgr\u00e9 la concurrence de l\u2019Olympique Lyonnais.<\/p>\n<p>Dans ce dossier, rien n\u2019est cependant termin\u00e9 tant que l\u2019accord avec Angers n\u2019est pas trouv\u00e9. Et il pourrait s\u2019agir pour Marseille de l\u2019\u00e9tape la plus difficile. Car malgr\u00e9 la situation contractuelle de son meilleur joueur, libre dans six mois, le SCO s\u2019annonce tr\u00e8s dure en affaires. Angers pr\u00e9f\u00e8re perdre son joueur pour z\u00e9ro euro en juin plut\u00f4t que de le brader et r\u00e9clame selon les derniers \u00e9chos pr\u00e8s de 4 millions d\u2019euros. <a href=\"https:\/\/www.foot01.com\/marseille\/om-bakola-sur-le-depart-la-juve-passe-a-laction\" target=\"_self\" rel=\"noopener\">Marseille, qui pourrait perdre Darryl Bakola cet hiver<\/a>, s\u2019alignera-t-il sur un tel tarif ? Ce sera l\u2019un des enjeux du <a href=\"https:\/\/www.foot01.com\/mercato\" title=\"Mercato\" target=\"_blank\" rel=\"noopener\">mercato<\/a> \u00e0 l\u2019OM\u2026 et par ricochets \u00e0 l\u2019OL.<\/p>\n","protected":false},"excerpt":{"rendered":"La concurrence fait rage entre l\u2019OM et l\u2019OL dans le dossier Himad Abdelli. Le club phoc\u00e9en a toutefois&hellip;\n","protected":false},"author":2,"featured_media":635168,"comment_status":"","ping_status":"","sticky":false,"template":"","format":"standard","meta":{"footnotes":""},"categories":[2814],"tags":[1111,11,8936,1777,674,1011,27,884,1434,12,241,149,882,25,17981],"class_list":{"0":"post-635167","1":"post","2":"type-post","3":"status-publish","4":"format-standard","5":"has-post-thumbnail","7":"category-marseille","8":"tag-actu","9":"tag-actualites","10":"tag-breaking-news","11":"tag-eu","12":"tag-europe","13":"tag-fr","14":"tag-france","15":"tag-marseille","16":"tag-mercato","17":"tag-news","18":"tag-ol","19":"tag-om","20":"tag-provence-alpes-cote-dazur","21":"tag-republique-francaise","22":"tag-sco"},"share_on_mastodon":{"url":"https:\/\/pubeurope.com\/@fr\/115822552359234388","error":""},"_links":{"self":[{"href":"https:\/\/www.europesays.com\/fr\/wp-json\/wp\/v2\/posts\/635167","targetHints":{"allow":["GET"]}}],"collection":[{"href":"https:\/\/www.europesays.com\/fr\/wp-json\/wp\/v2\/posts"}],"about":[{"href":"https:\/\/www.europesays.com\/fr\/wp-json\/wp\/v2\/types\/post"}],"author":[{"embeddable":true,"href":"https:\/\/www.europesays.com\/fr\/wp-json\/wp\/v2\/users\/2"}],"replies":[{"embeddable":true,"href":"https:\/\/www.europesays.com\/fr\/wp-json\/wp\/v2\/comments?post=635167"}],"version-history":[{"count":0,"href":"https:\/\/www.europesays.com\/fr\/wp-json\/wp\/v2\/posts\/635167\/revisions"}],"wp:featuredmedia":[{"embeddable":true,"href":"https:\/\/www.europesays.com\/fr\/wp-json\/wp\/v2\/media\/635168"}],"wp:attachment":[{"href":"https:\/\/www.europesays.com\/fr\/wp-json\/wp\/v2\/media?parent=635167"}],"wp:term":[{"taxonomy":"category","embeddable":true,"href":"https:\/\/www.europesays.com\/fr\/wp-json\/wp\/v2\/categories?post=635167"},{"taxonomy":"post_tag","embeddable":true,"href":"https:\/\/www.europesays.com\/fr\/wp-json\/wp\/v2\/tags?post=635167"}],"curies":[{"name":"wp","href":"https:\/\/api.w.org\/{rel}","templated":true}]}}