{"id":63517,"date":"2025-04-30T04:46:12","date_gmt":"2025-04-30T04:46:12","guid":{"rendered":"https:\/\/www.europesays.com\/fr\/63517\/"},"modified":"2025-04-30T04:46:12","modified_gmt":"2025-04-30T04:46:12","slug":"un-1er-mai-place-sous-le-signe-de-linquietude","status":"publish","type":"post","link":"https:\/\/www.europesays.com\/fr\/63517\/","title":{"rendered":"un 1er-Mai plac\u00e9 sous le signe de l\u2019inqui\u00e9tude"},"content":{"rendered":"<p>  Des syndicats mobilis\u00e9s \u00ab\u00a0contre l\u2019extr\u00eame droite, pour la paix, les libert\u00e9s et la justice sociale\u00a0\u00bb<\/p>\n<p>L\u2019intersyndicale du Rh\u00f4ne repr\u00e9sent\u00e9e par la CGT, FSU, Solidaires, CNT, CNT ouvri\u00e8re et Unef Lyon organisent deux manifestations ce 1er-Mai, \u00e0 10\u00a0h\u00a030, \u00e0 Lyon et Villefranche-sur-Sa\u00f4ne.<\/p>\n<p>Dans le contexte de la \u00ab\u00a0guerre commerciale\u00a0\u00bb qui fait rage, les syndicats r\u00e9clament \u00ab\u00a0la mise en place de r\u00e8gles pour un juste \u00e9change, bas\u00e9 sur le respect des droits sociaux et environnementaux\u00a0\u00bb. Ils s\u2019insurgent contre l\u2019 \u00ab\u00a0\u00e9conomie de guerre\u00a0\u00bb. \u00ab\u00a0On explique aux salari\u00e9s fran\u00e7ais et europ\u00e9ens qu\u2019il faut qu\u2019ils fassent des sacrifices, qu\u2019ils renoncent \u00e0 leurs droits, et aux services publics\u00a0\u00bb, d\u00e9noncent-ils.\u00a0Ils demandent la r\u00e9duction \u00a0du temps de travail et encore et toujours l\u2019abrogation de la r\u00e9forme des retraites.<\/p>\n<p>Comme chaque ann\u00e9e, Force ouvri\u00e8re d\u00e9posera une gerbe pour rendre hommage aux Canuts, \u00e0 9\u00a0h\u00a030, devant la mairie de Lyon 4e. Le syndicat appelle \u00e9galement \u00e0 participer au cort\u00e8ge du 1er-Mai, ce qui n\u2019est pas toujours le cas, \u00e9tant donn\u00e9 \u00ab\u00a0la gravit\u00e9 de la situation\u00a0\u00bb, selon Xavier Boiston, secr\u00e9taire g\u00e9n\u00e9ral de l\u2019UD FO du Rh\u00f4ne. Il met en cause \u00ab\u00a0une politique d\u2019\u00e9conomie du gouvernement scandaleuse\u00a0\u00bb qui se fait \u00ab\u00a0sur le dos de la population\u00a0\u00bb. \u00ab\u00a0La situation de l\u2019emploi est catastrophique, pour autant les milliards d\u2019exon\u00e9rations de cotisations patronales, sans contreparties, continuent de tomber\u00a0\u00bb, dit le repr\u00e9sentant syndical.<\/p>\n<p>  La manifestation \u00e9vitera-t-elle les violences\u00a0?<\/p>\n<p>Le d\u00e9fil\u00e9 du 1er-Mai se passera-t-il sans d\u00e9bordements et casse\u00a0? On le sait \u00e0 Lyon, lors des grosses mobilisations, ces derni\u00e8res ann\u00e9es, des manifestants radicaux forment un black bloc. En 2024, apr\u00e8s 45 minutes de manifestation, entre 300 et 400 personnes s\u2019\u00e9taient ainsi positionn\u00e9s devant le cort\u00e8ge syndical. Des abribus avaient \u00e9t\u00e9 cass\u00e9s, des agences bancaires cibl\u00e9es, des devantures d\u2019agence d\u2019int\u00e9rim tagu\u00e9es, puis certains avaient vis\u00e9 les forces de l\u2019ordre avec des jets de projectiles, qui avaient r\u00e9pondu par des gaz lacrymog\u00e8nes.<\/p>\n<p>Sur les r\u00e9seaux sociaux d\u2019ultragauche, des appels \u00e0 venir \u00ab\u00a0en masse et en noir en t\u00eate de cort\u00e8ge\u00a0\u00bb circulent depuis plusieurs semaines.<\/p>\n<p>Comme l\u2019an dernier, le cort\u00e8ge doit s\u2019\u00e9lancer de Garibaldi. Il ne prendra pas la direction de la place Bellecour, mais celle de Jean-Mac\u00e9, comme l\u2019ont demand\u00e9 les syndicats.<\/p>\n<p>Quelle sera la mobilisation en pleines vacances scolaires\u00a0? Difficile de l\u2019\u00e9valuer. Ces derni\u00e8res ann\u00e9es, le 1er-Mai est surtout devenu une journ\u00e9e o\u00f9 des militants de tout bord expriment leur ras-le-bol sur la politique du gouvernement ou d\u2019<a href=\"https:\/\/www.leprogres.fr\/p\/emmanuel-macron\" target=\"_blank\" rel=\"nofollow noopener\">Emmanuel Macron<\/a>. Entre 6\u00a0500 (selon la pr\u00e9fecture) et 13\u00a0000 manifestants (selon les syndicats) ont manifest\u00e9 en 2024.<\/p>\n<p>  Un drone de la police mobilis\u00e9<\/p>\n<p>Comme c\u2019est le cas r\u00e9guli\u00e8rement d\u00e9sormais pour les importants cort\u00e8ges lyonnais, la Direction Interd\u00e9partementale de la police nationale du Rh\u00f4ne a sollicit\u00e9 la possibilit\u00e9 de capter et enregistrer des images depuis un drone \u00ab\u00a0aux fins de pr\u00e9vention des atteintes \u00e0 la s\u00e9curit\u00e9 des personnes et des biens et de s\u00e9curisation des rassemblements\u00a0\u00bb. Elle y a \u00e9t\u00e9 autoris\u00e9e \ufeff <a href=\"https:\/\/www.rhone.gouv.fr\/contenu\/telechargement\/63891\/431318\/file\/RAA_69-2025-109-240425.pdf\" target=\"_blank\" rel=\"nofollow noopener\"> par la pr\u00e9fecture <\/a> \ufeff \u00ab\u00a0compte tenu du risque av\u00e9r\u00e9 de troubles \u00e0 l\u2019ordre public, des risques de perturbations des flux de transport, de l\u2019ampleur de la zone \u00e0 s\u00e9curiser\u00a0\u00bb.<\/p>\n<p>Pour rappel, l\u2019ensemble des lignes de bus, tram et m\u00e9tro ne circuleront pas ce 1er-Mai, \u00e0 l\u2019exception des bus relais Rh\u00f4nexpress en direction de l\u2019a\u00e9roport Lyon Saint-Exup\u00e9ry.<\/p>\n<p class=\"note\">&gt;\u00a0Manifestations ce jeudi, \u00e0 10\u00a0h\u00a030 au d\u00e9part du m\u00e9tro Garibaldi \u00e0 Lyon et \u00e0 la m\u00eame heure place du Promenoir, \u00e0 Villefranche.<\/p>\n","protected":false},"excerpt":{"rendered":"Des syndicats mobilis\u00e9s \u00ab\u00a0contre l\u2019extr\u00eame droite, pour la paix, les libert\u00e9s et la justice sociale\u00a0\u00bb L\u2019intersyndicale du Rh\u00f4ne&hellip;\n","protected":false},"author":2,"featured_media":63518,"comment_status":"","ping_status":"","sticky":false,"template":"","format":"standard","meta":{"footnotes":""},"categories":[1889],"tags":[1111,11,2430,2757,341,1777,674,107,1011,27,2428,2756,12,25,137,2429,801],"class_list":{"0":"post-63517","1":"post","2":"type-post","3":"status-publish","4":"format-standard","5":"has-post-thumbnail","7":"category-lyon","8":"tag-actu","9":"tag-actualites","10":"tag-auvergne-rhone-alpes","11":"tag-edition-lyon-villeurbanne","12":"tag-emploi","13":"tag-eu","14":"tag-europe","15":"tag-fil-info","16":"tag-fr","17":"tag-france","18":"tag-lyon","19":"tag-lyon-bassin","20":"tag-news","21":"tag-republique-francaise","22":"tag-retraite","23":"tag-rhone","24":"tag-social"},"share_on_mastodon":{"url":"https:\/\/pubeurope.com\/@fr\/114425101257054553","error":""},"_links":{"self":[{"href":"https:\/\/www.europesays.com\/fr\/wp-json\/wp\/v2\/posts\/63517","targetHints":{"allow":["GET"]}}],"collection":[{"href":"https:\/\/www.europesays.com\/fr\/wp-json\/wp\/v2\/posts"}],"about":[{"href":"https:\/\/www.europesays.com\/fr\/wp-json\/wp\/v2\/types\/post"}],"author":[{"embeddable":true,"href":"https:\/\/www.europesays.com\/fr\/wp-json\/wp\/v2\/users\/2"}],"replies":[{"embeddable":true,"href":"https:\/\/www.europesays.com\/fr\/wp-json\/wp\/v2\/comments?post=63517"}],"version-history":[{"count":0,"href":"https:\/\/www.europesays.com\/fr\/wp-json\/wp\/v2\/posts\/63517\/revisions"}],"wp:featuredmedia":[{"embeddable":true,"href":"https:\/\/www.europesays.com\/fr\/wp-json\/wp\/v2\/media\/63518"}],"wp:attachment":[{"href":"https:\/\/www.europesays.com\/fr\/wp-json\/wp\/v2\/media?parent=63517"}],"wp:term":[{"taxonomy":"category","embeddable":true,"href":"https:\/\/www.europesays.com\/fr\/wp-json\/wp\/v2\/categories?post=63517"},{"taxonomy":"post_tag","embeddable":true,"href":"https:\/\/www.europesays.com\/fr\/wp-json\/wp\/v2\/tags?post=63517"}],"curies":[{"name":"wp","href":"https:\/\/api.w.org\/{rel}","templated":true}]}}