{"id":635171,"date":"2026-01-01T23:58:14","date_gmt":"2026-01-01T23:58:14","guid":{"rendered":"https:\/\/www.europesays.com\/fr\/635171\/"},"modified":"2026-01-01T23:58:14","modified_gmt":"2026-01-01T23:58:14","slug":"deux-mineurs-un-francais-et-un-suisse-transferes-et-hospitalises-a-lyon","status":"publish","type":"post","link":"https:\/\/www.europesays.com\/fr\/635171\/","title":{"rendered":"deux mineurs, un Fran\u00e7ais et un Suisse, transf\u00e9r\u00e9s et hospitalis\u00e9s \u00e0 Lyon"},"content":{"rendered":"<p>Face \u00e0 l\u2019ampleur du violent incendie qui a ravag\u00e9 le bar Le Constellation \u00e0 Crans-Montana (Suisse) lors des festivit\u00e9s du Nouvel An, faisant une quarantaine de morts et environ 115 bless\u00e9s, les grands br\u00fbl\u00e9s ont \u00e9t\u00e9 transport\u00e9s dans deux centres sp\u00e9cialis\u00e9s du pays, \u00e0 Lausanne et Zurich. Au vu de la gravit\u00e9 de la situation, le Conseil d\u2019\u00c9tat a d\u00e9cid\u00e9 de d\u00e9cr\u00e9ter l\u2019\u00e9tat de situation particuli\u00e8re.<\/p>\n<p>  Ils ont \u00e9t\u00e9 transport\u00e9s dans la journ\u00e9e<\/p>\n<p>Ce n\u2019est donc pas un hasard si l\u2019h\u00f4pital \u00c9douard-Herriot, \u00e0 Lyon, qui dispose d\u2019un Centre des grands br\u00fbl\u00e9s, a \u00e9t\u00e9 mis \u00e0 contribution.<\/p>\n<p>Deux mineurs, un Fran\u00e7ais et un Suisse, ont \u00e9t\u00e9 transport\u00e9s en urgence dans la journ\u00e9e par h\u00e9licopt\u00e8re.\u00a0Il est l\u2019un des plus importants centres de ce type en Europe.<\/p>\n<p>Sur X, Emmanuel Macron a pr\u00e9cis\u00e9 que \u00ab\u00a0la France accueille des bless\u00e9s dans ses h\u00f4pitaux et se tient disponible pour toute aide\u00a0\u00bb.<\/p>\n<p>Ce contenu est bloqu\u00e9 car vous n&rsquo;avez pas accept\u00e9 les cookies et autres traceurs.<\/p>\n<p>En cliquant sur \u00ab J\u2019accepte \u00bb, les cookies et autres traceurs seront d\u00e9pos\u00e9s et vous pourrez visualiser les contenus  (<a href=\"\" class=\"consentModule_policy\" target=\"_blank\" title=\"Consulter la politique de protection des donn\u00e9es du fournisseur\">plus d&rsquo;informations<\/a>).<\/p>\n<p>En cliquant sur \u00ab J\u2019accepte tous les cookies \u00bb, vous autorisez des d\u00e9p\u00f4ts de cookies et autres traceurs pour le stockage de vos donn\u00e9es sur nos sites et applications \u00e0 des fins de personnalisation et de ciblage publicitaire.<\/p>\n<p class=\"consentModule_secondaryText\">Vous gardez la possibilit\u00e9 de retirer votre consentement \u00e0 tout moment en consultant notre <a href=\"https:\/\/www.leprogres.fr\/protection-des-donnees\" target=\"_blank\" title=\"Consulter notre politique de protection des donn\u00e9es\" rel=\"noopener\">politique de protection des donn\u00e9es<\/a>. <br \/>&#13;<br \/>\n            <a href=\"https:\/\/www.leprogres.fr\/faits-divers-justice\/2026\/01\/01\/javascript:Didomi.notice.show()\" class=\"consentModule_cmp\" target=\"_blank\" rel=\"noopener\">G\u00e9rer mes choix<\/a>&#13;\n        <\/p>\n<p>&#13;<br \/>\n                        J&rsquo;accepte&#13;<br \/>\n            J&rsquo;accepte tous les cookies&#13;\n        <\/p>\n<p>D\u2019autres personnes bless\u00e9es seront \u00e9galement transf\u00e9r\u00e9es vers l\u2019Allemagne et l\u2019Italie.<\/p>\n","protected":false},"excerpt":{"rendered":"Face \u00e0 l\u2019ampleur du violent incendie qui a ravag\u00e9 le bar Le Constellation \u00e0 Crans-Montana (Suisse) lors des&hellip;\n","protected":false},"author":2,"featured_media":635172,"comment_status":"","ping_status":"","sticky":false,"template":"","format":"standard","meta":{"footnotes":""},"categories":[1889],"tags":[1111,11,2430,2757,1777,674,274,107,1011,27,1310,2428,4751,4750,12,25,2429,71],"class_list":{"0":"post-635171","1":"post","2":"type-post","3":"status-publish","4":"format-standard","5":"has-post-thumbnail","7":"category-lyon","8":"tag-actu","9":"tag-actualites","10":"tag-auvergne-rhone-alpes","11":"tag-edition-lyon-villeurbanne","12":"tag-eu","13":"tag-europe","14":"tag-faits-divers-justice","15":"tag-fil-info","16":"tag-fr","17":"tag-france","18":"tag-incendie","19":"tag-lyon","20":"tag-lyon-3e","21":"tag-lyon-3e-arrondissement","22":"tag-news","23":"tag-republique-francaise","24":"tag-rhone","25":"tag-sante"},"share_on_mastodon":{"url":"https:\/\/pubeurope.com\/@fr\/115822559384607926","error":""},"_links":{"self":[{"href":"https:\/\/www.europesays.com\/fr\/wp-json\/wp\/v2\/posts\/635171","targetHints":{"allow":["GET"]}}],"collection":[{"href":"https:\/\/www.europesays.com\/fr\/wp-json\/wp\/v2\/posts"}],"about":[{"href":"https:\/\/www.europesays.com\/fr\/wp-json\/wp\/v2\/types\/post"}],"author":[{"embeddable":true,"href":"https:\/\/www.europesays.com\/fr\/wp-json\/wp\/v2\/users\/2"}],"replies":[{"embeddable":true,"href":"https:\/\/www.europesays.com\/fr\/wp-json\/wp\/v2\/comments?post=635171"}],"version-history":[{"count":0,"href":"https:\/\/www.europesays.com\/fr\/wp-json\/wp\/v2\/posts\/635171\/revisions"}],"wp:featuredmedia":[{"embeddable":true,"href":"https:\/\/www.europesays.com\/fr\/wp-json\/wp\/v2\/media\/635172"}],"wp:attachment":[{"href":"https:\/\/www.europesays.com\/fr\/wp-json\/wp\/v2\/media?parent=635171"}],"wp:term":[{"taxonomy":"category","embeddable":true,"href":"https:\/\/www.europesays.com\/fr\/wp-json\/wp\/v2\/categories?post=635171"},{"taxonomy":"post_tag","embeddable":true,"href":"https:\/\/www.europesays.com\/fr\/wp-json\/wp\/v2\/tags?post=635171"}],"curies":[{"name":"wp","href":"https:\/\/api.w.org\/{rel}","templated":true}]}}