{"id":635177,"date":"2026-01-02T00:02:16","date_gmt":"2026-01-02T00:02:16","guid":{"rendered":"https:\/\/www.europesays.com\/fr\/635177\/"},"modified":"2026-01-02T00:02:16","modified_gmt":"2026-01-02T00:02:16","slug":"neymar-prolonge-a-santos-wahi-debarque-a-nice-le-psg-vise-deux-espoirs-portugais-les-infos-du-1er-jour-du-mercato","status":"publish","type":"post","link":"https:\/\/www.europesays.com\/fr\/635177\/","title":{"rendered":"Neymar prolonge \u00e0 Santos, Wahi d\u00e9barque \u00e0 Nice, le PSG vise deux espoirs portugais&#8230; Les infos du 1er jour du mercato"},"content":{"rendered":"<p>\n    Neymar qui prolonge \u00e0 Santos, Chelsea songe \u00e0 Rosenior apr\u00e8s la s\u00e9paration avec Maresca et Semenyo proche de City, toutes les infos du mercato football de ce jeudi 1er janvier.<\/p>\n<p>                                    Neymar, l\u2019aventure continue<\/p>\n<p class=\"fig-paragraph\">C\u2019est officiel,\u00a0<a href=\"http:\/\/www.lefigaro.fr\/sports\/football\/transferts\/neymar-prolonge-avec-le-santos-jusqu-a-fin-2026-20260101\" data-fig-type=\"NewsFlash\" data-gtm-custom-categorie=\"navigation\" data-gtm-custom-action=\"crossclick\" data-gtm-custom-label=\"Contextuel\" data-gtm-event=\"customEventSPE\" data-fig-domain=\"LEFIGARO\" target=\"_blank\" rel=\"noopener\">Neymar prolonge<\/a>\u00a0! Le Br\u00e9silien a rallong\u00e9 son contrat avec le Santos FC alors que le pr\u00e9c\u00e9dent expirerait le 31 d\u00e9cembre. Apr\u00e8s plusieurs semaines de n\u00e9gociations, la star br\u00e9silienne est d\u00e9sormais li\u00e9e \u00e0 son club formateur jusqu\u2019en 2026, selon une source proche du dossier cit\u00e9e par l\u2019AFP.<\/p>\n<p class=\"fig-paragraph\">Meilleur buteur de l\u2019histoire de la Sele\u00e7\u00e3o avec 79 r\u00e9alisations, soit deux de plus que Pel\u00e9, Neymar n\u2019a plus port\u00e9 le maillot jaune et vert depuis plus de deux ans. Sa derni\u00e8re apparition date du 17 octobre 2023, il s\u2019\u00e9tait gravement bless\u00e9 au genou face \u00e0 l\u2019Uruguay. Depuis, l\u2019ancien num\u00e9ro 10 n\u2019a pas encore \u00e9t\u00e9 convoqu\u00e9 par Carlo Ancelotti, nomm\u00e9 s\u00e9lectionneur du Br\u00e9sil en juin dernier.<\/p>\n<p>                                            <a class=\"fig-a11y-skip\" href=\"#fig-a11y-skip-main-inarticle\" data-module=\"a11y-skip\" data-context=\"was @visible\"><br \/>\n    Passer la publicit\u00e9<br \/>\n<\/a>            <\/p>\n<p>                                            Chelsea pense \u00e0 Rosenior<\/p>\n<p class=\"fig-paragraph\"><a href=\"http:\/\/www.lefigaro.fr\/sports\/football\/angleterre\/premier-league-chelsea-se-separe-officiellement-de-son-entraineur-enzo-maresca-liam-rosenior-pour-lui-succeder-20260101\" target=\"_blank\" data-fig-type=\"NewsFlash\" rel=\"noopener\" data-gtm-custom-categorie=\"navigation\" data-gtm-custom-action=\"crossclick\" data-gtm-custom-label=\"Contextuel\" data-gtm-event=\"customEventSPE\" data-fig-domain=\"LEFIGARO\">Enzo Maresca et Chelsea, c\u2019est fini<\/a>. En manque de r\u00e9sultats en Premier League et un retard de 15 points sur le leader Arsenal, l\u2019entra\u00eeneur italien a perdu la confiance de sa direction. Pour lui succ\u00e9der, les Blues ciblent Liam Rosenior, actuel coach du RC Strasbourg. Un choix facilit\u00e9 par le lien entre les deux clubs, d\u00e9tenus par BlueCo. En r\u00e9ussite en Alsace depuis son arriv\u00e9e et une 7e place provisoire en Ligue 1, l\u2019entra\u00eeneur anglais pourrait rapidement \u00eatre appel\u00e9 \u00e0 relever un nouveau d\u00e9fi outre-Manche.<\/p>\n<p>                                            Semenyo tout proche de City<\/p>\n<p class=\"fig-paragraph\">L\u2019attaquant ghan\u00e9en Antoine Semenyo est tout proche de rejoindre Manchester City. Toujours en lice pour le titre, \u00e0 cinq points d\u2019Arsenal, l\u2019\u00e9quipe de Pep Guardiola entend se renforcer lors du mercato hivernal. Le joueur des Cherries de Bournemouth devrait venir \u00e9toffer l\u2019effectif des Skyblues. Au-del\u00e0 de son apport offensif, Semenyo est reconnu pour sa capacit\u00e9 \u00e0 tr\u00e8s bien n\u00e9gocier les touches aux abords de la surface, de quoi ajouter une nouvelle corde \u00e0 l\u2019arc de Rayan Cherki et de ses co\u00e9quipiers.<\/p>\n<p>                                            Nantes \u00e0 l\u2019aff\u00fbt<\/p>\n<p class=\"fig-paragraph\">Apr\u00e8s l\u2019Olympique Lyonnais et Endrick, d\u2019autre club de l\u2019\u00e9lite s\u2019activent. C\u2019est le cas du FC Nantes 17e et avant dernier de Ligue 1. Malgr\u00e9 des moyens restreints, les Canaris pourraient bien \u00eatre l\u2019attraction de ce mercato hivernal. On compte d\u00e9j\u00e0 les arriv\u00e9es de Deiver Machado et celle de\u00a0<a href=\"http:\/\/www.lefigaro.fr\/sports\/football\/transferts\/mercato-nantes-officialise-l-arrivee-de-remy-cabella-20260101\" target=\"_blank\" data-fig-type=\"NewsFlash\" rel=\"noopener\" data-gtm-custom-categorie=\"navigation\" data-gtm-custom-action=\"crossclick\" data-gtm-custom-label=\"Contextuel\" data-gtm-event=\"customEventSPE\" data-fig-domain=\"LEFIGARO\">R\u00e9my Cabella<\/a>. Mais ce n\u2019est pas tout, le FC Nantes avance grandement sur le dossier Aboukhlal, l\u2019ancien Toulousain\u00a0<a href=\"https:\/\/www.ouest-france.fr\/sport\/football\/fc-nantes\/fc-nantes-mercato-deal-pour-le-transfert-dibrahima-sissoko-et-accord-de-zakaria-aboukhlal-f58d6894-e561-11f0-91a5-1dde61cf54f7\" target=\"_blank\" rel=\"sponsored noopener\" data-gtm-custom-categorie=\"navigation\" data-gtm-custom-action=\"crossclick\" data-gtm-custom-label=\"Contextuel\" data-gtm-event=\"customEventSPE\">serait tout proche de faire son retour en Ligue 1 selon Presse Oc\u00e9an.<\/a><\/p>\n<p>                                            Nice \u00e0 la recherche de r\u00e9sultats<\/p>\n<p class=\"fig-paragraph\">Dans un tr\u00e8s particulier depuis des semaines, l\u2019OGC Nice surveille plusieurs dossiers. Si un come-back de N\u2019Golo Kant\u00e9 semble peu probable, la piste\u00a0<a href=\"http:\/\/www.lefigaro.fr\/sports\/football\/transferts\/mercato-arnaud-kalimuendo-s-engage-avec-nottingham-forest-jusqu-en-2030-20250818\" data-fig-type=\"NewsFlash\" data-gtm-custom-categorie=\"navigation\" data-gtm-custom-action=\"crossclick\" data-gtm-custom-label=\"Contextuel\" data-gtm-event=\"customEventSPE\" data-fig-domain=\"LEFIGARO\" target=\"_blank\" rel=\"noopener\">Arnaud Kalimuendo<\/a>\u00a0est bien \u00e9tudi\u00e9e, l\u2019attaquant peinant \u00e0 s\u2019imposer \u00e0 Nottingham. Le Paris FC est \u00e9galement \u00e0 l\u2019aff\u00fbt.<\/p>\n<p class=\"fig-paragraph\">En qu\u00eate de renforts sans investissements massifs, l\u2019OGC Nice privil\u00e9gie des arriv\u00e9es en pr\u00eat cet hiver. C\u2019est notamment le cas d\u2019<a href=\"http:\/\/www.lefigaro.fr\/sports\/football\/transferts\/mercato-elye-wahi-debarque-officiellement-a-nice-20260101\" target=\"_blank\" data-fig-type=\"NewsFlash\" rel=\"noopener\" data-gtm-custom-categorie=\"navigation\" data-gtm-custom-action=\"crossclick\" data-gtm-custom-label=\"Contextuel\" data-gtm-event=\"customEventSPE\" data-fig-domain=\"LEFIGARO\">Elye Wahi, qui s\u2019est engag\u00e9 ce jeudi<\/a>. D\u2019autres pistes sont \u00e0 l\u2019\u00e9tude, comme Amir Richardson (Fiorentina) et Ben Davies (Tottenham). En parall\u00e8le, le club azur\u00e9en cherche des solutions de sortie pour Jonathan Clauss et Morgan Sanson.<\/p>\n<p>                                            <a class=\"fig-a11y-skip\" href=\"#fig-a11y-skip-main-inarticle_mtf\" data-module=\"a11y-skip\" data-context=\"was @visible\"><br \/>\n    Passer la publicit\u00e9<br \/>\n<\/a>            <\/p>\n<p>                                            Le PSG vise deux espoirs portugais<\/p>\n<p class=\"fig-paragraph\">Deux Portugais en plus dans l\u2019effectif parisien\u00a0? En plus de\u00a0<a href=\"http:\/\/www.lefigaro.fr\/sports\/football\/ligue-1\/nous-ne-sommes-pas-a-leur-niveau-elogieux-envers-joao-neves-vitinha-refuse-la-comparaison-avec-le-duo-xavi-iniesta-20251228\" target=\"_blank\" data-fig-type=\"NewsFlash\" rel=\"noopener\" data-gtm-custom-categorie=\"navigation\" data-gtm-custom-action=\"crossclick\" data-gtm-custom-label=\"Contextuel\" data-gtm-event=\"customEventSPE\" data-fig-domain=\"LEFIGARO\">Jo\u00e3o Neves<\/a>, Vitinha, Gon\u00e7alo Ramos ou encore Nuno Mendes, le Paris Saint-Germain pisterait deux autres joueurs portugais,\u00a0<a href=\"http:\/\/www.lefigaro.fr\/sports\/football\/transferts\/mercato-le-psg-en-pince-pour-deux-espoirs-portugais-20260101\" target=\"_blank\" data-fig-type=\"NewsFlash\" rel=\"noopener\" data-gtm-custom-categorie=\"navigation\" data-gtm-custom-action=\"crossclick\" data-gtm-custom-label=\"Contextuel\" data-gtm-event=\"customEventSPE\" data-fig-domain=\"LEFIGARO\">Anisio Cabral et Alberto Costa<\/a>, comme l\u2019indiquent nos confr\u00e8res de\u00a0<a href=\"https:\/\/www.lequipe.fr\/Football\/Article\/Wahi-clauss-vaz-kalimuendo-en-ligue-1-un-mercato-qui-s-annonce-anime-malgre-les-budgets-limites\/1630436\" target=\"_blank\" rel=\"sponsored noopener\" data-gtm-custom-categorie=\"navigation\" data-gtm-custom-action=\"crossclick\" data-gtm-custom-label=\"Contextuel\" data-gtm-event=\"customEventSPE\">l\u2019\u00c9quipe<\/a> . Le club de la capitale viserait ces deux joueurs afin d\u2019anticiper le mercato de l\u2019\u00e9t\u00e9 2026.<\/p>\n","protected":false},"excerpt":{"rendered":"Neymar qui prolonge \u00e0 Santos, Chelsea songe \u00e0 Rosenior apr\u00e8s la s\u00e9paration avec Maresca et Semenyo proche de&hellip;\n","protected":false},"author":2,"featured_media":635178,"comment_status":"","ping_status":"","sticky":false,"template":"","format":"standard","meta":{"footnotes":""},"categories":[1888],"tags":[1111,1928,11,1927,1777,674,462,1011,27,16663,12,1926,23921,626,1925,25],"class_list":{"0":"post-635177","1":"post","2":"type-post","3":"status-publish","4":"format-standard","5":"has-post-thumbnail","7":"category-paris","8":"tag-actu","9":"tag-actu-paris","10":"tag-actualites","11":"tag-actualites-paris","12":"tag-eu","13":"tag-europe","14":"tag-fc-nantes","15":"tag-fr","16":"tag-france","17":"tag-manchester-city","18":"tag-news","19":"tag-news-paris","20":"tag-neymar","21":"tag-paris","22":"tag-paris-news","23":"tag-republique-francaise"},"share_on_mastodon":{"url":"https:\/\/pubeurope.com\/@fr\/115822575248999191","error":""},"_links":{"self":[{"href":"https:\/\/www.europesays.com\/fr\/wp-json\/wp\/v2\/posts\/635177","targetHints":{"allow":["GET"]}}],"collection":[{"href":"https:\/\/www.europesays.com\/fr\/wp-json\/wp\/v2\/posts"}],"about":[{"href":"https:\/\/www.europesays.com\/fr\/wp-json\/wp\/v2\/types\/post"}],"author":[{"embeddable":true,"href":"https:\/\/www.europesays.com\/fr\/wp-json\/wp\/v2\/users\/2"}],"replies":[{"embeddable":true,"href":"https:\/\/www.europesays.com\/fr\/wp-json\/wp\/v2\/comments?post=635177"}],"version-history":[{"count":0,"href":"https:\/\/www.europesays.com\/fr\/wp-json\/wp\/v2\/posts\/635177\/revisions"}],"wp:featuredmedia":[{"embeddable":true,"href":"https:\/\/www.europesays.com\/fr\/wp-json\/wp\/v2\/media\/635178"}],"wp:attachment":[{"href":"https:\/\/www.europesays.com\/fr\/wp-json\/wp\/v2\/media?parent=635177"}],"wp:term":[{"taxonomy":"category","embeddable":true,"href":"https:\/\/www.europesays.com\/fr\/wp-json\/wp\/v2\/categories?post=635177"},{"taxonomy":"post_tag","embeddable":true,"href":"https:\/\/www.europesays.com\/fr\/wp-json\/wp\/v2\/tags?post=635177"}],"curies":[{"name":"wp","href":"https:\/\/api.w.org\/{rel}","templated":true}]}}