{"id":635181,"date":"2026-01-02T00:04:29","date_gmt":"2026-01-02T00:04:29","guid":{"rendered":"https:\/\/www.europesays.com\/fr\/635181\/"},"modified":"2026-01-02T00:04:29","modified_gmt":"2026-01-02T00:04:29","slug":"sidiki-cherif-vers-le-paris-fc-france-paris-fc","status":"publish","type":"post","link":"https:\/\/www.europesays.com\/fr\/635181\/","title":{"rendered":"Sidiki Ch\u00e9rif vers le Paris FC ? &#8211; France &#8211; Paris FC"},"content":{"rendered":"<p>Attention \u00e0 la concurrence.<\/p>\n<p><a target=\"_blank\" href=\"https:\/\/www.lequipe.fr\/Football\/Actualites\/Mercato-le-paris-fc-a-propose-23-m-et-8364-pour-l-attaquant-d-angers-sidiki-cherif\/1630468\" rel=\"noopener\">Selon L\u2019\u00c9quipe<\/a>,<strong> le Paris FC aurait offert un ch\u00e8que de 23 millions d\u2019euros \u00e0 Angers<\/strong> pour s\u2019attacher les services de Sadiki Ch\u00e9rif. L\u2019attaquant angevin se pr\u00e9sente comme l\u2019une des r\u00e9v\u00e9lations de cette premi\u00e8re partie de saison en Ligue 1 avec quatre r\u00e9alisations.<\/p>\n<blockquote class=\"twitter-tweet\">\n<p lang=\"fr\" dir=\"ltr\">Meilleurs buteurs dans les 5 grands championnats cette saison parmi les joueurs de 18 ans ou moins :<br \/>\n&#8211; Lamine Yamal (FC Barcelone) 6\u26bd\ufe0f<br \/>\n&#8211; Robinio Vaz (Olympique de Marseille) 4\u26bd\ufe0f<br \/>\n&#8211; SIDIKI CH\u00c9RIF (Angers SCO) 4\u26bd\ufe0f <a target=\"_blank\" href=\"https:\/\/twitter.com\/hashtag\/SCOFCN?src=hash&amp;ref_src=twsrc%5Etfw\" rel=\"noopener\">#SCOFCN<\/a><\/p>\n<p>\u2014 Stats Foot (@Statsdufoot) <a target=\"_blank\" href=\"https:\/\/twitter.com\/Statsdufoot\/status\/1999588159273722244?ref_src=twsrc%5Etfw\" rel=\"noopener\">December 12, 2025<\/a><\/p><\/blockquote>\n<p>Le SCO souhaite plus<\/p>\n<p>Si le joueur de 19 ans attire d\u00e9j\u00e0 les convoitises de nombreux clubs europ\u00e9ens, <strong>dont Villarreal<\/strong>, le <strong>board<\/strong> angevin aurait refus\u00e9 l\u2019offre parisienne selon les informations du quotidien sportif. <strong>Angers attendrait une offre de 30 millions d\u2019euros<\/strong> pour laisser filer sa p\u00e9pite.<\/p>\n<p>Il va falloir sortir le ch\u00e9quier c\u00f4t\u00e9 PFC.<\/p>\n<p>\t\t\t\t\t\t\t\t\t\t<a class=\"lien-connexe\" href=\"https:\/\/www.sofoot.com\/breves\/paris-fc-pierre-lees-melou-agace-meme-sa-femme-quand-il-est-sur-le-terrain\" target=\"_blank\" rel=\"noopener\">Pierre Lees-Melou agace m\u00eame sa femme quand il est sur le terrain<\/a>\t\t\t\t\t<script async src=\"https:\/\/platform.twitter.com\/widgets.js\" charset=\"utf-8\"><\/script><\/p>\n","protected":false},"excerpt":{"rendered":"Attention \u00e0 la concurrence. Selon L\u2019\u00c9quipe, le Paris FC aurait offert un ch\u00e8que de 23 millions d\u2019euros \u00e0&hellip;\n","protected":false},"author":2,"featured_media":635182,"comment_status":"","ping_status":"","sticky":false,"template":"","format":"standard","meta":{"footnotes":""},"categories":[1888],"tags":[47,11,61,69,65,64,1777,674,63,1011,27,68,66,12,62,626,70,25,67],"class_list":{"0":"post-635181","1":"post","2":"type-post","3":"status-publish","4":"format-standard","5":"has-post-thumbnail","7":"category-paris","8":"tag-actualite","9":"tag-actualites","10":"tag-actus-football","11":"tag-bundesliga","12":"tag-championnats-europeens","13":"tag-equipe-de-france","14":"tag-eu","15":"tag-europe","16":"tag-football","17":"tag-fr","18":"tag-france","19":"tag-ligua","20":"tag-ligue-1","21":"tag-news","22":"tag-news-foot","23":"tag-paris","24":"tag-premier-league","25":"tag-republique-francaise","26":"tag-serie-a"},"share_on_mastodon":{"url":"https:\/\/pubeurope.com\/@fr\/115822583043207861","error":""},"_links":{"self":[{"href":"https:\/\/www.europesays.com\/fr\/wp-json\/wp\/v2\/posts\/635181","targetHints":{"allow":["GET"]}}],"collection":[{"href":"https:\/\/www.europesays.com\/fr\/wp-json\/wp\/v2\/posts"}],"about":[{"href":"https:\/\/www.europesays.com\/fr\/wp-json\/wp\/v2\/types\/post"}],"author":[{"embeddable":true,"href":"https:\/\/www.europesays.com\/fr\/wp-json\/wp\/v2\/users\/2"}],"replies":[{"embeddable":true,"href":"https:\/\/www.europesays.com\/fr\/wp-json\/wp\/v2\/comments?post=635181"}],"version-history":[{"count":0,"href":"https:\/\/www.europesays.com\/fr\/wp-json\/wp\/v2\/posts\/635181\/revisions"}],"wp:featuredmedia":[{"embeddable":true,"href":"https:\/\/www.europesays.com\/fr\/wp-json\/wp\/v2\/media\/635182"}],"wp:attachment":[{"href":"https:\/\/www.europesays.com\/fr\/wp-json\/wp\/v2\/media?parent=635181"}],"wp:term":[{"taxonomy":"category","embeddable":true,"href":"https:\/\/www.europesays.com\/fr\/wp-json\/wp\/v2\/categories?post=635181"},{"taxonomy":"post_tag","embeddable":true,"href":"https:\/\/www.europesays.com\/fr\/wp-json\/wp\/v2\/tags?post=635181"}],"curies":[{"name":"wp","href":"https:\/\/api.w.org\/{rel}","templated":true}]}}