{"id":635189,"date":"2026-01-02T00:08:22","date_gmt":"2026-01-02T00:08:22","guid":{"rendered":"https:\/\/www.europesays.com\/fr\/635189\/"},"modified":"2026-01-02T00:08:22","modified_gmt":"2026-01-02T00:08:22","slug":"kate-et-william-partagent-les-plus-beaux-moments-de-leur-annee-2025","status":"publish","type":"post","link":"https:\/\/www.europesays.com\/fr\/635189\/","title":{"rendered":"Kate et William partagent les plus beaux moments de leur ann\u00e9e 2025"},"content":{"rendered":"<p>Pour c\u00e9l\u00e9brer la nouvelle ann\u00e9e 2026,<strong> <\/strong><a target=\"_blank\" href=\"https:\/\/www.pointdevue.fr\/grand-angle\/biographies\/kate-middleton\" rel=\"noopener\"><strong>Kate<\/strong><\/a><strong> et William<\/strong> ont choisi de partager <strong>une r\u00e9trospective de leur ann\u00e9e 2025<\/strong> avec de nombreux clich\u00e9s, ainsi que plusieurs vid\u00e9os, le tout publi\u00e9 dans un post sur Instagram. \u00ab\u00a0Bonne ann\u00e9e \u00e0 tous peu importe o\u00f9 vous vous trouvez dans le monde ! Merci pour cette ann\u00e9e 2025 brillante, nous avons h\u00e2te pour 2026\u00a0\u00bb, \u00e9crivent-ils sous un portrait de famille o\u00f9 ils posent aux c\u00f4t\u00e9s de leurs trois enfants. Le clich\u00e9 avait \u00e9t\u00e9 captur\u00e9 lors de la c\u00e9r\u00e9monie <a target=\"_blank\" href=\"https:\/\/www.pointdevue.fr\/royal\/royaume-uni\/un-trooping-the-colour-entre-emotion-et-authenticite\" rel=\"noopener\"><strong>Trooping The Colour<\/strong><\/a><strong> en juin 2025.<\/strong> Lors de cette occasion o\u00f9 le roi <a target=\"_blank\" href=\"https:\/\/www.pointdevue.fr\/grand-angle\/biographies\/charles-iii\" rel=\"noopener\">Charles III<\/a> a \u00e9t\u00e9 mis \u00e0 l\u2019honneur, la famille royale avait \u00e9t\u00e9 transport\u00e9e en carrosse de Buckingham Palace jusqu\u2019\u00e0 la parade des chevaux comme le rappelle une autre photographie. On y retrouve \u00e9galement des images des <strong>vacances du couple sur\u00a0<\/strong><a target=\"_blank\" href=\"https:\/\/www.google.com\/search?client=safari&amp;rls=en&amp;q=ile+de+mull+point+de+vue&amp;ie=UTF-8&amp;oe=UTF-8\" rel=\"noopener\"><strong> l\u2019\u00eele de Mull<\/strong><\/a><strong> en \u00c9cosse \u00e0 l\u2019occasion de leur anniversaire de mariage. <\/strong>Pour f\u00eater leurs 14 ans d\u2019union, les parents de <a target=\"_blank\" href=\"https:\/\/www.pointdevue.fr\/grand-angle\/biographies\/prince-george\" rel=\"noopener\">George<\/a>, <a target=\"_blank\" href=\"https:\/\/www.pointdevue.fr\/grand-angle\/biographies\/princesse-charlotte\" rel=\"noopener\">Charlotte<\/a> et <a target=\"_blank\" href=\"https:\/\/www.pointdevue.fr\/grand-angle\/biographies\/prince-louis\" rel=\"noopener\">Louis<\/a> avaient choisi de s\u2019\u00e9vader en pleine nature au milieu des \u00e9tendues luxuriantes et des champs de fleurs roses.\u00a0<\/p>\n<p><img decoding=\"async\" src=\"https:\/\/www.europesays.com\/fr\/wp-content\/uploads\/2026\/01\/01_GallesEcosse_PDV4003UiIjHip32H.jpg\" alt=\"&quot;Merci \u00e0 tous pour cet accueil chaleureux&quot;, ont \u00e9crit Kate et William sur leurs r\u00e9seaux sociaux sous ce clich\u00e9 pris le soir de leur anniversaire de mariage, au premier jour de leur voyage sur l\u2019\u00eele de Mull.\"\/><strong>\u00ab\u00a0Merci \u00e0 tous pour cet accueil chaleureux\u00a0\u00bb, ont \u00e9crit Kate et William sur leurs r\u00e9seaux sociaux sous ce clich\u00e9 pris le soir de leur anniversaire de mariage, au premier jour de leur voyage sur l\u2019\u00eele de Mull.<\/strong> \u00a9instagram.com\/princeandprincessofwales\/Une ann\u00e9e ponctu\u00e9e par les voyages royaux\u00a0<\/p>\n<p>Les images partag\u00e9es par le <a target=\"_blank\" href=\"https:\/\/www.pointdevue.fr\/grand-angle\/biographies\/prince-william\" rel=\"noopener\">prince William<\/a> et son \u00e9pouse montrent aussi \u00e0 quel point les voyages dans le cadre de leurs fonctions royales se sont multipli\u00e9s cette ann\u00e9e. Le fils de la <a target=\"_blank\" href=\"https:\/\/www.pointdevue.fr\/grand-angle\/biographies\/diana-spencer\" rel=\"noopener\">princesse Diana<\/a> appara\u00eet dans la ville de <strong>Rio<\/strong> o\u00f9 il s\u2019\u00e9tait rendu pour assister \u00e0 la c\u00e9r\u00e9monie des Earthshot Prize. Il avait profit\u00e9 de ce d\u00e9placement pour <a target=\"_blank\" href=\"https:\/\/www.pointdevue.fr\/royal\/royaume-uni\/au-bresil-william-recree-un-cliche-culte-de-diana-au-christ-redempteur\" rel=\"noopener\">reproduire un clich\u00e9<\/a> que sa m\u00e8re avait pris en 1991 devant le Christ R\u00e9dempteur.\u00a0<\/p>\n<p><img decoding=\"async\" src=\"https:\/\/www.europesays.com\/fr\/wp-content\/uploads\/2026\/01\/ABACA_973342_0039XNOCgeQmU.jpg\" alt=\"Le prince William pose devant le Christ r\u00e9dempteur \u00e0 Rio de Janeiro, exactement comme sa m\u00e8re, la princesse Diana, en 1991, o\u00f9 il avait rencontr\u00e9 les quinze finalistes du Earthshot Prize, le 5 novembre 2025.\"\/><strong>Le prince William pose devant le Christ r\u00e9dempteur \u00e0 Rio de Janeiro, exactement comme sa m\u00e8re, la princesse Diana, en 1991, o\u00f9 il avait rencontr\u00e9 les quinze finalistes du Earthshot Prize, le 5 novembre 2025.<\/strong> \u00a9 Chris Jackson\/PA Wire\/ABACAPRESS.COM<\/p>\n<p>Le prince de Galles s\u2019est \u00e9galement rendu en <strong>Estonie<\/strong> lors d\u2019une visite diplomatique o\u00f9 il a rencontr\u00e9 le pr\u00e9sident Alar Karis. Sans oublier la visite de Kate et William en <strong>Irlande du Nord <\/strong>o\u00f9 ils s\u2019\u00e9taient adonn\u00e9s \u00e0 la cueillette de pommes et la p\u00e2tisserie ou encore leur venue au Pays de Galles o\u00f9 William avait fait <a target=\"_blank\" href=\"https:\/\/www.pointdevue.fr\/royal\/royaume-uni\/william-couvre-kate-deloges-au-pays-de-galles\" rel=\"noopener\">une tr\u00e8s belle d\u00e9claration \u00e0 sa femme<\/a>. Au milieu de leurs d\u00e9placements, on retrouve \u00e9galement les t\u00eates couronn\u00e9es recevant <strong>plusieurs chefs d\u2019\u00c9tat comme Donald Trump ou <\/strong><a target=\"_blank\" href=\"https:\/\/www.pointdevue.fr\/royal\/royaume-uni\/kate-eblouissante-lors-du-diner-detat-donne-en-lhonneur-demmanuel-macron\" rel=\"noopener\"><strong>Emmanuel Macron au Royaume-Uni<\/strong><\/a><strong>.\u00a0<\/strong><\/p>\n<p>Des moments privil\u00e9gi\u00e9s aux c\u00f4t\u00e9s de George, Charlotte et Louis\u00a0<\/p>\n<p>Cette r\u00e9trospective de 2025 est <strong>compl\u00e9t\u00e9e par des instants immortalis\u00e9s en famille. <\/strong>Kate pose pr\u00e8s de son fils cadet Louis au <a target=\"_blank\" href=\"https:\/\/www.pointdevue.fr\/royal\/royaume-uni\/george-charlotte-et-louis-chics-et-complices-au-concert-de-noel-de-kate\" rel=\"noopener\">concert de No\u00ebl,<\/a> entour\u00e9 de bougies. De son c\u00f4t\u00e9, George appara\u00eet lors d\u2019une <a target=\"_blank\" href=\"https:\/\/www.google.com\/search?client=safari&amp;rls=en&amp;q=v\u00e9t\u00e9rans+george+point+de+vue&amp;ie=UTF-8&amp;oe=UTF-8\" rel=\"noopener\">rencontre avec des v\u00e9t\u00e9rans<\/a>. L\u2019a\u00een\u00e9 de la fratrie a pu \u00e9changer avec les anciens combattants \u00e0 l\u2019occasion des 80 ans de l\u2019armistice de la Seconde Guerre mondiale. Charlotte, elle, est aux c\u00f4t\u00e9s de son p\u00e8re dans les tribunes lors de la <a target=\"_blank\" href=\"https:\/\/www.pointdevue.fr\/royal\/royaume-uni\/finale-de-leuro-2025-charlotte-et-william-en-tribunes-entoures-de-leonor-et-sofia\" rel=\"noopener\">finale de l\u2019Euro 2025 f\u00e9minin<\/a>. Autant de moments qui ont marqu\u00e9 l\u2019ann\u00e9e de la famille royale britannique.\u00a0<\/p>\n<p><img decoding=\"async\" src=\"https:\/\/www.europesays.com\/fr\/wp-content\/uploads\/2025\/12\/ABACA_958533_001srkMoRkDXv.jpg\" alt=\"Le prince William et sa fille la princesse Charlotte lors de la finale de l'UEFA de football f\u00e9minin \u00e0 B\u00e2le en Suisse.\"\/><strong>Le prince William et sa fille la princesse Charlotte lors de la finale de l&rsquo;UEFA de football f\u00e9minin \u00e0 B\u00e2le en Suisse.<\/strong> \u00a9 IPA Sport\/ABACA<\/p>\n<p>\u00c0 lire aussi : <a target=\"_blank\" href=\"https:\/\/www.pointdevue.fr\/royal\/royaume-uni\/les-premieres-dates-de-lagenda-2026-de-william-et-kate\" rel=\"noopener\">Les premi\u00e8res dates de l\u2019agenda 2026 de William et Kate<\/a><\/p>\n<p><a href=\"https:\/\/www.pointdevue.fr\/lifestyle\/bien-etre\/quiz-royal-testez-votre-expertise-et-gagnez-des-cadeaux-dexception\" target=\"_blank\" rel=\"noopener\"><img decoding=\"async\" src=\"https:\/\/www.europesays.com\/fr\/wp-content\/uploads\/2025\/12\/605x385GUOAXudAF3.jpg\" alt=\"Testez votre expertise royaut\u00e9\"\/><\/a><strong>Testez votre expertise royaut\u00e9 et tentez de remporter de nombreux lots.<\/strong> \u00a9 Point de Vue<br \/>\n                                                    <script async src=\"\/\/www.instagram.com\/embed.js\"><\/script><\/p>\n","protected":false},"excerpt":{"rendered":"Pour c\u00e9l\u00e9brer la nouvelle ann\u00e9e 2026, Kate et William ont choisi de partager une r\u00e9trospective de leur ann\u00e9e&hellip;\n","protected":false},"author":2,"featured_media":635190,"comment_status":"","ping_status":"","sticky":false,"template":"","format":"standard","meta":{"footnotes":""},"categories":[1588],"tags":[11,1777,674,12,473,1853,1851,1850,1852],"class_list":{"0":"post-635189","1":"post","2":"type-post","3":"status-publish","4":"format-standard","5":"has-post-thumbnail","7":"category-royaume-uni","8":"tag-actualites","9":"tag-eu","10":"tag-europe","11":"tag-news","12":"tag-royaume-uni","13":"tag-royaume-uni-de-grande-bretagne-et-dirlande-du-nord","14":"tag-uk","15":"tag-united-kingdom","16":"tag-united-kingdom-of-great-britain-and-northern-ireland"},"share_on_mastodon":{"url":"https:\/\/pubeurope.com\/@fr\/115822599121813321","error":""},"_links":{"self":[{"href":"https:\/\/www.europesays.com\/fr\/wp-json\/wp\/v2\/posts\/635189","targetHints":{"allow":["GET"]}}],"collection":[{"href":"https:\/\/www.europesays.com\/fr\/wp-json\/wp\/v2\/posts"}],"about":[{"href":"https:\/\/www.europesays.com\/fr\/wp-json\/wp\/v2\/types\/post"}],"author":[{"embeddable":true,"href":"https:\/\/www.europesays.com\/fr\/wp-json\/wp\/v2\/users\/2"}],"replies":[{"embeddable":true,"href":"https:\/\/www.europesays.com\/fr\/wp-json\/wp\/v2\/comments?post=635189"}],"version-history":[{"count":0,"href":"https:\/\/www.europesays.com\/fr\/wp-json\/wp\/v2\/posts\/635189\/revisions"}],"wp:featuredmedia":[{"embeddable":true,"href":"https:\/\/www.europesays.com\/fr\/wp-json\/wp\/v2\/media\/635190"}],"wp:attachment":[{"href":"https:\/\/www.europesays.com\/fr\/wp-json\/wp\/v2\/media?parent=635189"}],"wp:term":[{"taxonomy":"category","embeddable":true,"href":"https:\/\/www.europesays.com\/fr\/wp-json\/wp\/v2\/categories?post=635189"},{"taxonomy":"post_tag","embeddable":true,"href":"https:\/\/www.europesays.com\/fr\/wp-json\/wp\/v2\/tags?post=635189"}],"curies":[{"name":"wp","href":"https:\/\/api.w.org\/{rel}","templated":true}]}}