{"id":63519,"date":"2025-04-30T04:47:08","date_gmt":"2025-04-30T04:47:08","guid":{"rendered":"https:\/\/www.europesays.com\/fr\/63519\/"},"modified":"2025-04-30T04:47:08","modified_gmt":"2025-04-30T04:47:08","slug":"ile-de-france-ces-communes-qui-rasent-des-ecoles-pour-batir-des-immeubles","status":"publish","type":"post","link":"https:\/\/www.europesays.com\/fr\/63519\/","title":{"rendered":"\u00cele-de-France\u00a0: ces communes qui rasent des \u00e9coles pour b\u00e2tir des immeubles"},"content":{"rendered":"<p class=\"paragraph text_align_left\">\u00c0 l\u2019image du reste de la r\u00e9gion parisienne, Le Chesnay conna\u00eet depuis trente ans une lente mais constante \u00e9rosion de sa population. En 1990, elle comptait 33 000 habitants. D\u00e9sormais, ils sont un peu moins de 31 000. Un cercle vicieux s\u2019est enclench\u00e9, avec une baisse de la population scolaire observ\u00e9e ces derni\u00e8res ann\u00e9es dans les \u00e9coles de toute l\u2019\u00cele-de-France ainsi que dans l\u2019Oise. Une baisse compens\u00e9e par une l\u00e9g\u00e8re hausse des effectifs dans les coll\u00e8ges et les lyc\u00e9es\u2026 pour l\u2019instant. D\u2019ici \u00e0 2030, le nombre d\u2019\u00e9l\u00e8ves franciliens (de la maternelle au bac) devrait passer de 2,4 millions (chiffres de la rentr\u00e9e 2024) \u00e0 1,9 million, d\u2019apr\u00e8s des projections de l\u2019Insee.<\/p>\n","protected":false},"excerpt":{"rendered":"\u00c0 l\u2019image du reste de la r\u00e9gion parisienne, Le Chesnay conna\u00eet depuis trente ans une lente mais constante&hellip;\n","protected":false},"author":2,"featured_media":63520,"comment_status":"","ping_status":"","sticky":false,"template":"","format":"standard","meta":{"footnotes":""},"categories":[1592],"tags":[1111,11,1777,674,1011,27,662,1944,12,626,25,104,1938],"class_list":{"0":"post-63519","1":"post","2":"type-post","3":"status-publish","4":"format-standard","5":"has-post-thumbnail","7":"category-ile-de-france","8":"tag-actu","9":"tag-actualites","10":"tag-eu","11":"tag-europe","12":"tag-fr","13":"tag-france","14":"tag-ile-de-france","15":"tag-ma-ville","16":"tag-news","17":"tag-paris","18":"tag-republique-francaise","19":"tag-societe","20":"tag-yvelines"},"share_on_mastodon":{"url":"https:\/\/pubeurope.com\/@fr\/114425105140361339","error":""},"_links":{"self":[{"href":"https:\/\/www.europesays.com\/fr\/wp-json\/wp\/v2\/posts\/63519","targetHints":{"allow":["GET"]}}],"collection":[{"href":"https:\/\/www.europesays.com\/fr\/wp-json\/wp\/v2\/posts"}],"about":[{"href":"https:\/\/www.europesays.com\/fr\/wp-json\/wp\/v2\/types\/post"}],"author":[{"embeddable":true,"href":"https:\/\/www.europesays.com\/fr\/wp-json\/wp\/v2\/users\/2"}],"replies":[{"embeddable":true,"href":"https:\/\/www.europesays.com\/fr\/wp-json\/wp\/v2\/comments?post=63519"}],"version-history":[{"count":0,"href":"https:\/\/www.europesays.com\/fr\/wp-json\/wp\/v2\/posts\/63519\/revisions"}],"wp:featuredmedia":[{"embeddable":true,"href":"https:\/\/www.europesays.com\/fr\/wp-json\/wp\/v2\/media\/63520"}],"wp:attachment":[{"href":"https:\/\/www.europesays.com\/fr\/wp-json\/wp\/v2\/media?parent=63519"}],"wp:term":[{"taxonomy":"category","embeddable":true,"href":"https:\/\/www.europesays.com\/fr\/wp-json\/wp\/v2\/categories?post=63519"},{"taxonomy":"post_tag","embeddable":true,"href":"https:\/\/www.europesays.com\/fr\/wp-json\/wp\/v2\/tags?post=63519"}],"curies":[{"name":"wp","href":"https:\/\/api.w.org\/{rel}","templated":true}]}}