{"id":635198,"date":"2026-01-02T00:13:27","date_gmt":"2026-01-02T00:13:27","guid":{"rendered":"https:\/\/www.europesays.com\/fr\/635198\/"},"modified":"2026-01-02T00:13:27","modified_gmt":"2026-01-02T00:13:27","slug":"metzeral-une-randonneuse-gravement-blessee-apres-une-chute-de-cent-metres","status":"publish","type":"post","link":"https:\/\/www.europesays.com\/fr\/635198\/","title":{"rendered":"Metzeral. Une randonneuse gravement bless\u00e9e apr\u00e8s une chute de cent m\u00e8tres"},"content":{"rendered":"<p>Une femme \u00e2g\u00e9e de 74 ans, bien \u00e9quip\u00e9e pour la randonn\u00e9e p\u00e9destre, a gliss\u00e9 sur une portion gel\u00e9e du sentier des n\u00e9v\u00e9s. Elle a d\u00e9val\u00e9 environ cent m\u00e8tres de forte pente herbeuse verglac\u00e9e, avant d\u2019arr\u00eater de glisser au niveau d\u2019un replat, \u00e0 une centaine de m\u00e8tres d\u2019un autre sentier pr\u00e8s de la Wormsa.<\/p>\n<p>Les trois personnes qui l\u2019accompagnaient, des proches, sont parvenues \u00e0 arriver jusqu\u2019\u00e0 elle. Imm\u00e9diatement alert\u00e9s par d\u2019autres randonneurs sur le sentier des n\u00e9v\u00e9s, des pompiers sp\u00e9cialis\u00e9s montagne ont port\u00e9 secours \u00e0 la victime par voie terrestre, ainsi qu\u2019un m\u00e9decin du Smur et deux militaires du peloton de gendarmerie de haute montagne (PGHM) du Haut-Rhin, avec l\u2019h\u00e9licopt\u00e8re Dragon 67 de la s\u00e9curit\u00e9 civile.<\/p>\n<p>Consid\u00e9r\u00e9e comme gravement bless\u00e9e, m\u00eame si son pronostic vital ne semblait pas en danger lors de son \u00e9vacuation, la victime pr\u00e9sentait notamment des traumatismes \u00e0 une \u00e9paule et au cr\u00e2ne, et des grosses plaies saignantes au visage ainsi que des h\u00e9matomes. Consciente, cette femme domicili\u00e9e dans la Marne a \u00e9t\u00e9 conditionn\u00e9e dans une perche d\u2019\u00e9vacuation, h\u00e9litreuill\u00e9e, puis transport\u00e9e par la voie des airs \u00e0 l\u2019h\u00f4pital Pasteur de Colmar.<\/p>\n<p>  \u00ab\u00a0Des conditions particuli\u00e8rement d\u00e9licates\u00a0\u00bb dans les Vosges<\/p>\n<p>Quatre jours apr\u00e8s avoir secouru, avec l\u2019h\u00e9licopt\u00e8re de la s\u00e9curit\u00e9 civile, <a href=\"https:\/\/www.lalsace.fr\/faits-divers-justice\/2025\/12\/26\/un-traileur-helitreuille-a-la-wormspel\" target=\"_blank\" rel=\"noopener\">un traileur de 57 ans s\u2019\u00e9tant fractur\u00e9 un avant-bras<\/a> lors d\u2019une glissade sur un chemin gel\u00e9 au cours d\u2019une sortie vers le col du Wormspel, le PGHM 68 a appel\u00e9 \u00e0 une vigilance particuli\u00e8re en raison de \u00ab\u00a0conditions particuli\u00e8rement d\u00e9licates\u00a0\u00bb dans le massif vosgien, ce mardi matin 30\u00a0d\u00e9cembre sur les r\u00e9seaux sociaux.<\/p>\n<p>Le peloton a diffus\u00e9 l\u2019avertissement et les conseils suivants via sa page Facebook\u00a0: \u00ab\u00a0Le soleil r\u00e8gne dans les faces sud alors que celles au nord restent dans l\u2019ombre. Les sols sont tr\u00e8s durs dans ces derni\u00e8res, mais aussi dans les fonds de vallons. Sortez \u00e9quip\u00e9s \u00e0 pied avec des chaussures ou baskets de montagne crant\u00e9es. En cas de doute, renseignez-vous aupr\u00e8s de professionnels\u00a0\u00bb.<\/p>\n<p>Pour obtenir des recommandations, il est par exemple possible de joindre ces gendarmes sp\u00e9cialis\u00e9s au 03\u00a089\u00a077\u00a014\u00a022. Mardi vers 15\u00a0h, une femme de 48 ans a chut\u00e9 juste au-dessus du lac Noir, sur les hauteurs d\u2019Orbey. Pr\u00e9sentant une suspicion de fracture \u00e0 un poignet, <a href=\"https:\/\/www.lalsace.fr\/faits-divers-justice\/2025\/12\/30\/massif-vosgien-des-conditions-tres-delicates-en-montagne\" target=\"_blank\" rel=\"noopener\">elle aussi a \u00e9t\u00e9 h\u00e9liport\u00e9e \u00e0 l\u2019h\u00f4pital par Dragon 67<\/a>.<\/p>\n","protected":false},"excerpt":{"rendered":"Une femme \u00e2g\u00e9e de 74 ans, bien \u00e9quip\u00e9e pour la randonn\u00e9e p\u00e9destre, a gliss\u00e9 sur une portion gel\u00e9e&hellip;\n","protected":false},"author":2,"featured_media":635199,"comment_status":"","ping_status":"","sticky":false,"template":"","format":"standard","meta":{"footnotes":""},"categories":[2],"tags":[119,11,2389,2413,274,107,1011,27,1637,74288,12,25,2412],"class_list":{"0":"post-635198","1":"post","2":"type-post","3":"status-publish","4":"format-standard","5":"has-post-thumbnail","7":"category-actualites","8":"tag-accident","9":"tag-actualites","10":"tag-alsace","11":"tag-edition-colmar-guebwiller","12":"tag-faits-divers-justice","13":"tag-fil-info","14":"tag-fr","15":"tag-france","16":"tag-haut-rhin","17":"tag-metzeral","18":"tag-news","19":"tag-republique-francaise","20":"tag-secteur-de-munster"},"share_on_mastodon":{"url":"https:\/\/pubeurope.com\/@fr\/115822618652041411","error":""},"_links":{"self":[{"href":"https:\/\/www.europesays.com\/fr\/wp-json\/wp\/v2\/posts\/635198","targetHints":{"allow":["GET"]}}],"collection":[{"href":"https:\/\/www.europesays.com\/fr\/wp-json\/wp\/v2\/posts"}],"about":[{"href":"https:\/\/www.europesays.com\/fr\/wp-json\/wp\/v2\/types\/post"}],"author":[{"embeddable":true,"href":"https:\/\/www.europesays.com\/fr\/wp-json\/wp\/v2\/users\/2"}],"replies":[{"embeddable":true,"href":"https:\/\/www.europesays.com\/fr\/wp-json\/wp\/v2\/comments?post=635198"}],"version-history":[{"count":0,"href":"https:\/\/www.europesays.com\/fr\/wp-json\/wp\/v2\/posts\/635198\/revisions"}],"wp:featuredmedia":[{"embeddable":true,"href":"https:\/\/www.europesays.com\/fr\/wp-json\/wp\/v2\/media\/635199"}],"wp:attachment":[{"href":"https:\/\/www.europesays.com\/fr\/wp-json\/wp\/v2\/media?parent=635198"}],"wp:term":[{"taxonomy":"category","embeddable":true,"href":"https:\/\/www.europesays.com\/fr\/wp-json\/wp\/v2\/categories?post=635198"},{"taxonomy":"post_tag","embeddable":true,"href":"https:\/\/www.europesays.com\/fr\/wp-json\/wp\/v2\/tags?post=635198"}],"curies":[{"name":"wp","href":"https:\/\/api.w.org\/{rel}","templated":true}]}}