{"id":635202,"date":"2026-01-02T00:17:12","date_gmt":"2026-01-02T00:17:12","guid":{"rendered":"https:\/\/www.europesays.com\/fr\/635202\/"},"modified":"2026-01-02T00:17:12","modified_gmt":"2026-01-02T00:17:12","slug":"le-capitaine-du-rc-vannes-francisco-gorrissen-absent-deux-mois-pour-une-nouvelle-fracture-au-bras","status":"publish","type":"post","link":"https:\/\/www.europesays.com\/fr\/635202\/","title":{"rendered":"Le capitaine du RC Vannes Francisco Gorrissen absent deux mois pour une nouvelle fracture au bras"},"content":{"rendered":"<p class=\"tlg-author\">\n                Par<br \/>\n                Le T\u00e9l\u00e9gramme<\/p>\n<p>Le 01 janvier 2026 \u00e0 21h50<\/p>\n<p class=\"tlg-h5\">Selon les informations de Midi Olympique, Francisco Gorrissen s&rsquo;est fractur\u00e9 le bras, lors de la derni\u00e8re journ\u00e9e de Pro D2, contre B\u00e9ziers. Le capitaine vannetais serait absent deux mois.<\/p>\n<p><img fetchpriority=\"high\" decoding=\"async\" src=\"https:\/\/www.europesays.com\/fr\/wp-content\/uploads\/2026\/01\/6956f5793874c41c5906a732.1.jpeg\" width=\"960\" height=\"600\" class=\"web_golden_xl\" loading=\"eager\" alt=\"Francisco Gorrissen manquera deux mois de comp\u00e9tition apr\u00e8s sa nouvelle fracture du bras lors du match contre B\u00e9ziers.\"\/>Francisco Gorrissen manquera deux mois de comp\u00e9tition apr\u00e8s sa nouvelle fracture du bras lors du match contre B\u00e9ziers. (Photo Vincent Le Guern)<\/p>\n","protected":false},"excerpt":{"rendered":"Par Le T\u00e9l\u00e9gramme Le 01 janvier 2026 \u00e0 21h50 Selon les informations de Midi Olympique, Francisco Gorrissen s&rsquo;est&hellip;\n","protected":false},"author":2,"featured_media":635203,"comment_status":"","ping_status":"","sticky":false,"template":"","format":"standard","meta":{"footnotes":""},"categories":[1416],"tags":[765,3166,1011,27,3164,479,1468,60,3165],"class_list":{"0":"post-635202","1":"post","2":"type-post","3":"status-publish","4":"format-standard","5":"has-post-thumbnail","7":"category-rugby","8":"tag-en-continu","9":"tag-en-continu-sports","10":"tag-fr","11":"tag-france","12":"tag-rc-vannes","13":"tag-rugby","14":"tag-rugby-football","15":"tag-sports","16":"tag-vannes"},"share_on_mastodon":{"url":"https:\/\/pubeurope.com\/@fr\/115822634193648929","error":""},"_links":{"self":[{"href":"https:\/\/www.europesays.com\/fr\/wp-json\/wp\/v2\/posts\/635202","targetHints":{"allow":["GET"]}}],"collection":[{"href":"https:\/\/www.europesays.com\/fr\/wp-json\/wp\/v2\/posts"}],"about":[{"href":"https:\/\/www.europesays.com\/fr\/wp-json\/wp\/v2\/types\/post"}],"author":[{"embeddable":true,"href":"https:\/\/www.europesays.com\/fr\/wp-json\/wp\/v2\/users\/2"}],"replies":[{"embeddable":true,"href":"https:\/\/www.europesays.com\/fr\/wp-json\/wp\/v2\/comments?post=635202"}],"version-history":[{"count":0,"href":"https:\/\/www.europesays.com\/fr\/wp-json\/wp\/v2\/posts\/635202\/revisions"}],"wp:featuredmedia":[{"embeddable":true,"href":"https:\/\/www.europesays.com\/fr\/wp-json\/wp\/v2\/media\/635203"}],"wp:attachment":[{"href":"https:\/\/www.europesays.com\/fr\/wp-json\/wp\/v2\/media?parent=635202"}],"wp:term":[{"taxonomy":"category","embeddable":true,"href":"https:\/\/www.europesays.com\/fr\/wp-json\/wp\/v2\/categories?post=635202"},{"taxonomy":"post_tag","embeddable":true,"href":"https:\/\/www.europesays.com\/fr\/wp-json\/wp\/v2\/tags?post=635202"}],"curies":[{"name":"wp","href":"https:\/\/api.w.org\/{rel}","templated":true}]}}