{"id":63521,"date":"2025-04-30T04:49:10","date_gmt":"2025-04-30T04:49:10","guid":{"rendered":"https:\/\/www.europesays.com\/fr\/63521\/"},"modified":"2025-04-30T04:49:10","modified_gmt":"2025-04-30T04:49:10","slug":"apres-deux-ans-dabsence-le-tennis-revit-au-jardin-du-luxembourg","status":"publish","type":"post","link":"https:\/\/www.europesays.com\/fr\/63521\/","title":{"rendered":"apr\u00e8s deux ans d&rsquo;absence, le tennis revit au jardin du Luxembourg"},"content":{"rendered":"<p>            Par<br \/>\n        <strong><br \/>\n            <a href=\"https:\/\/actu.fr\/auteur\/antoine-grotteria02\" title=\"Consulter tous les articles de Antoine Grotteria\" target=\"_blank\" rel=\"noopener\">Antoine Grotteria<\/a><br \/>\n        <\/strong><\/p>\n<p>        Publi\u00e9 le<\/p>\n<p>            30 avr. 2025 \u00e0 6h04        <\/p>\n<p>Une dissection du geste sommaire. Sur un banc, un couple observe la technique rudimentaire d\u2019une joueuse de tennis peu encline au moindre effort, mais soucieuse de son apparence. En face, un homme \u00e9l\u00e9gamment appr\u00eat\u00e9 d\u00e9gage un style peu acad\u00e9mique. Qu\u2019importe. La simple pr\u00e9sence acte une <strong>distinction<\/strong>. Car l\u2019endroit se r\u00e9v\u00e8le diff\u00e9rent. Symbole de ce 6e arrondissement de <a href=\"https:\/\/actu.fr\/paris\/\" target=\"_blank\" rel=\"noopener\">Paris<\/a> cossu, le <a href=\"https:\/\/actu.fr\/ile-de-france\/paris_75056\/un-jardin-de-paris-classe-parmi-les-plus-beaux-au-monde_50151863.html\" target=\"_blank\" rel=\"noopener\">jardin du Luxembour<\/a>g reste un lieu historiquement investi par les milieux ais\u00e9s. Politiques, universitaires, magistrats\u2026 Nombreux sont ceux qui p\u00e9n\u00e8trent dans cet espace de 22 hectares, surplomb\u00e9 par l\u2019imposant <strong>palais<\/strong>, th\u00e9\u00e2tre des d\u00e9bats polic\u00e9s de la chambre haute du Parlement, <a href=\"https:\/\/actu.fr\/tag\/senat\" target=\"_blank\" rel=\"noopener\">le S\u00e9nat<\/a>. Dans cet \u00e9crin feutr\u00e9, <strong>six courts de tennis<\/strong> ont \u00e9t\u00e9 construits dans les ann\u00e9es 1930. Pr\u00e8s d\u2019un si\u00e8cle plus tard, ils r\u00e9sistent. Et ce, en d\u00e9pit des r\u00e9centes batailles judiciaires.<\/p>\n<p>Un nouveau syst\u00e8me de r\u00e9servation<\/p>\n<p class=\" wall-content\">Apr\u00e8s <strong>deux ans de fermeture<\/strong>, les habitu\u00e9s ont <a href=\"https:\/\/actu.fr\/ile-de-france\/paris_75056\/paris-pres-du-senat-les-splendides-courts-de-tennis-du-jardin-de-luxembourg-bientot-a-nouveau-accessibles_62074996.html\" target=\"_blank\" rel=\"noopener\">retrouv\u00e9<\/a> les terrains le vendredi 18\u00a0avril. \u00ab\u2009Pouvoir rejouer dans cet \u00e9crin, c\u2019est exceptionnel. On \u00e9tait lass\u00e9s de ces bisbilles. On avait h\u00e2te de mettre \u00e7a derri\u00e8re nous\u2009\u00bb, souffle Yann, \u00e0 l\u2019issue d\u2019une session d\u2019une heure. Ce quinquag\u00e9naire \u00e9lanc\u00e9, r\u00e9sident du quartier, n\u2019a pas h\u00e9sit\u00e9 \u00e0 l\u2019annonce de la r\u00e9ouverture. Avec un copain, il a r\u00e9serv\u00e9 un cr\u00e9neau sur l\u2019application de la soci\u00e9t\u00e9 <strong>Anybuddy<\/strong>.<\/p>\n<blockquote class=\"ac-article-quote wall-content\">\n<p>\u00ab\u00a0Je joue ici depuis quinze ans, je ne pouvais pas passer \u00e0 c\u00f4t\u00e9\u00a0\u00bb<\/p>\n<p>    <strong>Yann<\/strong><br \/>\n        Pratiquant r\u00e9gulier de tennis     <\/p><\/blockquote>\n<p>      <img   decoding=\"async\" loading=\"lazy\" src=\"https:\/\/www.europesays.com\/fr\/wp-content\/uploads\/2025\/04\/tennis-reouverture-luxembourg-19-960x640.jpg\" alt=\"Le syst\u00e8me de r\u00e9servation stipule l'impossibilit\u00e9 de r\u00e9server des courts collectifs ou individuels. \" width=\"960\" height=\"640\"\/><br \/>\n    Le syst\u00e8me de r\u00e9servation stipule l\u2019impossibilit\u00e9 de r\u00e9server des courts collectifs ou individuels. En clair, vous ne pouvez venir qu\u2019\u00e0 deux ou \u00e0 quatre. (\u00a9AG\/ actu Paris)<\/p>\n<p class=\" wall-content\">En apparence, peu d\u2019\u00e9l\u00e9ments ont chang\u00e9. Les grillages cernent une surface dure r\u00e9sistante aux variations climatiques et m\u00e9t\u00e9orologiques. Quelques bancs en bois permettent aux joueurs de poser leurs affaires. Pourtant, derri\u00e8re cet habillage, tout <strong>le syst\u00e8me de r\u00e9servation a \u00e9t\u00e9 repens\u00e9<\/strong>. Il est r\u00e9sum\u00e9 sur un petit panneau accroch\u00e9 sur la porte d\u2019entr\u00e9e des courts\u2009: \u00ab\u2009courts individuels ou collectifs interdits\u2009\u00bb.<\/p>\n<p class=\" wall-content\">Concr\u00e8tement, la pratique doit \u00eatre <strong>libre et individuelle<\/strong>. Les <strong>clubs <\/strong>affili\u00e9s au Comit\u00e9 de Paris n\u2019ont plus le droit de r\u00e9servation. Une r\u00e8gle \u00e9dict\u00e9e dans le contrat de concession du propri\u00e9taire des lieux, le S\u00e9nat. D\u00e9sormais, la plateforme de location Anybuddy autorise les amateurs de la balle jaune \u00e0 r\u00e9server une heure pour 18\u00a0euros par le biais de son application ou de son site Internet.<\/p>\n<p>      <img   decoding=\"async\" loading=\"lazy\" src=\"https:\/\/www.europesays.com\/fr\/wp-content\/uploads\/2025\/04\/tennis-reouverture-luxembourg-11-960x640.jpg\" alt=\"Avant d'entrer sur le court, un panneau avertit les joueurs des nouvelles r\u00e8gles mises en place par la plateforme de location Anybuddy. \" width=\"960\" height=\"640\"\/><br \/>\n    Avant d\u2019entrer sur le court, un panneau avertit les joueurs des nouvelles r\u00e8gles mises en place par la plateforme de location Anybuddy. (\u00a9AG\/ actu Paris)Les associations et les \u00e9coles exclues<\/p>\n<p class=\" wall-content\">De quoi ravir Nicolas. Au bord d\u2019un court, ce Belge bonhomme s\u2019impr\u00e8gne de l\u2019endroit\u2026 \u00c0 sa mani\u00e8re. \u00ab\u2009On dirait un peu une cage aux animaux, avec tous ces gens qui regardent autour\u2009!\u2009\u00bb, ironise-t-il. Habitant du quartier depuis six mois, il a saisi l\u2019occasion pour rejouer au tennis. \u00ab\u2009C\u2019est vraiment <strong>magnifique<\/strong>. J\u2019esp\u00e8re que ma copine va aussi appr\u00e9cier\u2009\u00bb, se soucie-t-il, \u00e0 quelques minutes de son entr\u00e9e sur le terrain.<\/p>\n<p class=\" wall-content\">La refonte du syst\u00e8me suscite aussi des <strong>interrogations<\/strong>, voire des <strong>critiques<\/strong>. Assises sur un banc, deux amies retrait\u00e9es regrettent \u00ab\u2009l\u2019abandon des associations et des scolaires\u2009\u00bb.<\/p>\n<blockquote class=\"ac-article-quote wall-content\">\n<p>\u00ab\u00a0Les courts \u00e9taient tr\u00e8s li\u00e9s \u00e0 la mairie du 6e arrondissement. Les \u00e9coles venaient r\u00e9guli\u00e8rement. Ce ne sera plus le cas. C&rsquo;est un peu scandaleux\u00a0\u00bb<\/p>\n<p>    <strong>Marie*<\/strong><br \/>\n        Pratiquante occasionnelle     <\/p><\/blockquote>\n<p class=\" wall-content\">\u00ab\u2009Mais \u00e7a va permettre d\u2019ouvrir les courts \u00e0 plus de monde\u2009\u00bb, r\u00e9torque sa copine, Genevi\u00e8ve*.<\/p>\n<p class=\" wall-content\">Aujourd\u2019hui, <strong>39 complexes <\/strong>parisiens disposent de courts r\u00e9servables par le biais du service priv\u00e9 Paris Tennis, dont le dirigeant <strong>Herv\u00e9 Picard<\/strong> a \u00e9t\u00e9 \u00e0 l\u2019origine de la bataille judiciaire. Une heure co\u00fbte 20\u00a0euros dans un gymnase, et 12\u00a0euros \u00e0 l\u2019ext\u00e9rieur. Des tarifs r\u00e9duits sont appliqu\u00e9s aux jeunes de moins de 26\u00a0ans. Pour les demandeurs d\u2019emploi, les agents de la Ville de Paris, et les allocataires du RSA et de l\u2019ATA, l\u2019acc\u00e8s est gratuit.<\/p>\n<p class=\" wall-content\">*: les pr\u00e9noms ont \u00e9t\u00e9 modifi\u00e9s \u00e0 la demande des int\u00e9ress\u00e9es<\/p>\n<p class=\" wall-content\">Suivez toute l\u2019actualit\u00e9 de vos villes et m\u00e9dias favoris en vous inscrivant \u00e0 <a href=\"https:\/\/moncompte.actu.fr\" title=\"D\u00e9couvez Mon Actu\" rel=\"nofollow noopener\" data-trk=\"{&quot;cta&quot;:{&quot;action&quot;:&quot;https:\\\/\\\/moncompte.actu.fr&quot;,&quot;category&quot;:&quot;mon compte&quot;,&quot;from&quot;:&quot;article footer&quot;,&quot;name&quot;:&quot;Mon actu&quot;,&quot;type&quot;:&quot;cta&quot;}}\" target=\"_blank\">Mon Actu<\/a>.<\/p>\n","protected":false},"excerpt":{"rendered":"Par Antoine Grotteria Publi\u00e9 le 30 avr. 2025 \u00e0 6h04 Une dissection du geste sommaire. Sur un banc,&hellip;\n","protected":false},"author":2,"featured_media":63522,"comment_status":"","ping_status":"","sticky":false,"template":"","format":"standard","meta":{"footnotes":""},"categories":[1888],"tags":[1111,1928,11,1927,1777,674,1011,27,303,12,1926,626,1925,25,1004,104],"class_list":{"0":"post-63521","1":"post","2":"type-post","3":"status-publish","4":"format-standard","5":"has-post-thumbnail","7":"category-paris","8":"tag-actu","9":"tag-actu-paris","10":"tag-actualites","11":"tag-actualites-paris","12":"tag-eu","13":"tag-europe","14":"tag-fr","15":"tag-france","16":"tag-justice","17":"tag-news","18":"tag-news-paris","19":"tag-paris","20":"tag-paris-news","21":"tag-republique-francaise","22":"tag-senat","23":"tag-societe"},"share_on_mastodon":{"url":"https:\/\/pubeurope.com\/@fr\/114425113175616065","error":""},"_links":{"self":[{"href":"https:\/\/www.europesays.com\/fr\/wp-json\/wp\/v2\/posts\/63521","targetHints":{"allow":["GET"]}}],"collection":[{"href":"https:\/\/www.europesays.com\/fr\/wp-json\/wp\/v2\/posts"}],"about":[{"href":"https:\/\/www.europesays.com\/fr\/wp-json\/wp\/v2\/types\/post"}],"author":[{"embeddable":true,"href":"https:\/\/www.europesays.com\/fr\/wp-json\/wp\/v2\/users\/2"}],"replies":[{"embeddable":true,"href":"https:\/\/www.europesays.com\/fr\/wp-json\/wp\/v2\/comments?post=63521"}],"version-history":[{"count":0,"href":"https:\/\/www.europesays.com\/fr\/wp-json\/wp\/v2\/posts\/63521\/revisions"}],"wp:featuredmedia":[{"embeddable":true,"href":"https:\/\/www.europesays.com\/fr\/wp-json\/wp\/v2\/media\/63522"}],"wp:attachment":[{"href":"https:\/\/www.europesays.com\/fr\/wp-json\/wp\/v2\/media?parent=63521"}],"wp:term":[{"taxonomy":"category","embeddable":true,"href":"https:\/\/www.europesays.com\/fr\/wp-json\/wp\/v2\/categories?post=63521"},{"taxonomy":"post_tag","embeddable":true,"href":"https:\/\/www.europesays.com\/fr\/wp-json\/wp\/v2\/tags?post=63521"}],"curies":[{"name":"wp","href":"https:\/\/api.w.org\/{rel}","templated":true}]}}