{"id":635214,"date":"2026-01-02T00:27:21","date_gmt":"2026-01-02T00:27:21","guid":{"rendered":"https:\/\/www.europesays.com\/fr\/635214\/"},"modified":"2026-01-02T00:27:21","modified_gmt":"2026-01-02T00:27:21","slug":"maxime-gueny-pourquoi-on-ne-le-voit-plus-avec-cyril-hanouna","status":"publish","type":"post","link":"https:\/\/www.europesays.com\/fr\/635214\/","title":{"rendered":"Maxime Gu\u00e9ny\u00a0: pourquoi on ne le voit plus avec Cyril Hanouna\u00a0?"},"content":{"rendered":"<p>\n\t\t\t\t\t\tPubli\u00e9 le 01\/01\/2026 \u00e0 17:25<\/p>\n<p>Ce jeudi 1er janvier 2026, <strong>Maxime Gu\u00e9ny<\/strong> est aux commandes des <strong> Mandrakes d\u2019or <\/strong> sur Gulli aux c\u00f4t\u00e9s de <strong>Charlotte Bermond<\/strong>. L\u2019ancien chroniqueur de <strong> Touche pas \u00e0 mon poste <\/strong> s\u2019est d\u2019ailleurs exprim\u00e9 sur son d\u00e9part du talk-show de <strong>Cyril Hanouna<\/strong>.<\/p>\n<p>Apr\u00e8s avoir \u00e9t\u00e9 l\u2019un des chroniqueurs de <strong> Touche pas \u00e0 mon poste <\/strong> sur C8, <strong>Maxime Gueny<\/strong> fait son retour \u00e0 la t\u00e9l\u00e9vision en co-animant, avec <strong>Charlotte Bermond<\/strong>, <strong> Les Mandrakes d\u2019or <\/strong> ce jeudi 1er janvier 2026 sur <a href=\"https:\/\/toutelatele.ouest-france.fr\/gulli-222\" target=\"_blank\" rel=\"noopener\">Gulli<\/a>.<\/p>\n<p>L\u2019\u00e9mission, autrefois diffus\u00e9e sur C8, met notamment \u00e0 l\u2019honneur et r\u00e9compense les meilleurs magiciens du monde. Dans les colonnes de l\u2019hebdomadaire T\u00e9l\u00e9 Star, Maxime Gu\u00e9ny s\u2019est exprim\u00e9 sur cette nouvelle soir\u00e9e sur la cha\u00eene.<\/p>\n<p>Les Mandrakes d\u2019or\u00a0: ce qui est pr\u00e9vu sur Gulli avec Maxime Gu\u00e9ny et Charlotte Bermond<\/p>\n<p>En effet, l\u2019ancien chroniqueur de <strong> Touche pas \u00e0 mon poste <\/strong> a notamment d\u00e9voil\u00e9 ce qui attend les t\u00e9l\u00e9spectateurs lors de cette \u00e9dition.<\/p>\n<p>\u201cOn va notamment retrouver, pour la premi\u00e8re fois \u00e0 la t\u00e9l\u00e9vision fran\u00e7aise, le champion du monde de magie Francesco Della Bona et C\u00e9lia Munoz, une ventriloque stup\u00e9fiante qui a gagn\u00e9 la version espagnole d\u2019Incroyable Talent. Je pense aussi \u00e0 Nikolai Striebel et \u00e0 son num\u00e9ro hallucinant avec des avions en papier\u201d, r\u00e9v\u00e8le-t-il. Avant d\u2019\u00e9voquer ce qui le touche le plus en magie\u00a0: \u201cIl faut qu\u2019on me transporte. Je suis tr\u00e8s attach\u00e9 \u00e0 la sinc\u00e9rit\u00e9 de la d\u00e9marche et \u00e0 l\u2019\u00e9nergie cr\u00e9atrice\u201d.<\/p>\n<p>Maxime Gu\u00e9ny fait le point sur sa relation avec Cyril Hanouna<\/p>\n<p>Absent de <a href=\"https:\/\/toutelatele.ouest-france.fr\/tout-beau-tout-n9uf-tbt9-1549\" target=\"_blank\" rel=\"noopener\"><strong> Tout beau, tout n9uf <\/strong><\/a> depuis le lancement de l\u2019\u00e9mission sur W9, Maxime Gu\u00e9ny continue d\u2019\u00e9voluer en dehors des plateaux des talk-shows. Dans cet entretien, l\u2019ancien chroniqueur de Cyril Hanouna a pr\u00e9cis\u00e9 pourquoi il n\u2019appara\u00eet plus aux c\u00f4t\u00e9s de Cyril Hanouna.<\/p>\n<p>\u201cIl n\u2019en a pas \u00e9t\u00e9 question (d\u2019une arriv\u00e9e dans Tout beau, tout neuf, NDLR). Mon contrat s\u2019est termin\u00e9 et nous nous sommes quitt\u00e9s bons amis. Je leur envoie, \u00e0 lui et aux chroniqueurs, un message de temps en temps, pour la premi\u00e8re et leurs anniversaires, mais je poursuis mon chemin\u201d, a-t-il r\u00e9v\u00e9l\u00e9.<\/p>\n<p><strong> Les Plus Grands Magiciens du monde\u00a0: les Mandrakes d\u2019or 2025 <\/strong> est \u00e0 retrouver ce jeudi 1er janvier 2026 \u00e0 21h05 sur Gulli.<\/p>\n","protected":false},"excerpt":{"rendered":"Publi\u00e9 le 01\/01\/2026 \u00e0 17:25 Ce jeudi 1er janvier 2026, Maxime Gu\u00e9ny est aux commandes des Mandrakes d\u2019or&hellip;\n","protected":false},"author":2,"featured_media":635215,"comment_status":"","ping_status":"","sticky":false,"template":"","format":"standard","meta":{"footnotes":""},"categories":[1356],"tags":[58,59,1011,27,252,1364],"class_list":{"0":"post-635214","1":"post","2":"type-post","3":"status-publish","4":"format-standard","5":"has-post-thumbnail","7":"category-television","8":"tag-divertissement","9":"tag-entertainment","10":"tag-fr","11":"tag-france","12":"tag-television","13":"tag-tv"},"share_on_mastodon":{"url":"https:\/\/pubeurope.com\/@fr\/115822673500459587","error":""},"_links":{"self":[{"href":"https:\/\/www.europesays.com\/fr\/wp-json\/wp\/v2\/posts\/635214","targetHints":{"allow":["GET"]}}],"collection":[{"href":"https:\/\/www.europesays.com\/fr\/wp-json\/wp\/v2\/posts"}],"about":[{"href":"https:\/\/www.europesays.com\/fr\/wp-json\/wp\/v2\/types\/post"}],"author":[{"embeddable":true,"href":"https:\/\/www.europesays.com\/fr\/wp-json\/wp\/v2\/users\/2"}],"replies":[{"embeddable":true,"href":"https:\/\/www.europesays.com\/fr\/wp-json\/wp\/v2\/comments?post=635214"}],"version-history":[{"count":0,"href":"https:\/\/www.europesays.com\/fr\/wp-json\/wp\/v2\/posts\/635214\/revisions"}],"wp:featuredmedia":[{"embeddable":true,"href":"https:\/\/www.europesays.com\/fr\/wp-json\/wp\/v2\/media\/635215"}],"wp:attachment":[{"href":"https:\/\/www.europesays.com\/fr\/wp-json\/wp\/v2\/media?parent=635214"}],"wp:term":[{"taxonomy":"category","embeddable":true,"href":"https:\/\/www.europesays.com\/fr\/wp-json\/wp\/v2\/categories?post=635214"},{"taxonomy":"post_tag","embeddable":true,"href":"https:\/\/www.europesays.com\/fr\/wp-json\/wp\/v2\/tags?post=635214"}],"curies":[{"name":"wp","href":"https:\/\/api.w.org\/{rel}","templated":true}]}}