{"id":635216,"date":"2026-01-02T00:28:22","date_gmt":"2026-01-02T00:28:22","guid":{"rendered":"https:\/\/www.europesays.com\/fr\/635216\/"},"modified":"2026-01-02T00:28:22","modified_gmt":"2026-01-02T00:28:22","slug":"tony-iommi-partage-ses-projets-pour-2026","status":"publish","type":"post","link":"https:\/\/www.europesays.com\/fr\/635216\/","title":{"rendered":"Tony Iommi partage ses projets pour 2026"},"content":{"rendered":"<p><strong>Dans une vid\u00e9o publi\u00e9e \u00e0 l\u2019occasion du Nouvel An, Tony Iommi revient sur une ann\u00e9e 2025 marquante, entre retrouvailles avec <a href=\"https:\/\/www.metalzone.fr\/black-sabbath\/\" target=\"_blank\" rel=\"noopener\">Black Sabbath<\/a>, projets personnels, et annonce la sortie de son nouvel album solo pr\u00e9vue pour 2026.<\/strong><\/p>\n<p>Un hommage \u00e0 Ozzy, une ann\u00e9e riche en projets<\/p>\n<p>Dans une <a href=\"https:\/\/www.youtube.com\/watch?v=pXe6yaykQ2o\" target=\"_blank\" rel=\"noopener\">vid\u00e9o publi\u00e9e sur sa cha\u00eene YouTube<\/a>, Tony Iommi revient sur les temps forts de 2025, qu\u2019il d\u00e9crit comme une ann\u00e9e qui avait bien commenc\u00e9. Il \u00e9voque notamment la r\u00e9\u00e9dition des albums de l\u2019\u00e8re Tony Martin, une collaboration inattendue avec Robbie Williams sur le morceau Rocket, ainsi que le concert Back To The Beginning, derni\u00e8re prestation de Black Sabbath dans sa formation originale, quelques semaines avant la disparition d\u2019<a href=\"https:\/\/www.metalzone.fr\/ozzy-osbourne\/\" target=\"_blank\" rel=\"noopener\">Ozzy Osbourne<\/a>.<\/p>\n<p>\u201cC\u2019\u00e9tait incroyable de revoir Ozzy, Bill et Geezer pour la remise de la Freedom Of The City de Birmingham\u201d, raconte-t-il. Il a \u00e9galement \u00e9voqu\u00e9 avec \u00e9motion les derniers instants partag\u00e9s avec Ozzy lors de ce concert historique, devenu un v\u00e9ritable adieu.<\/p>\n<p>Un regard tourn\u00e9 vers l\u2019avenir<\/p>\n<p>Malgr\u00e9 cette perte, Tony Iommi a poursuivi ses activit\u00e9s. Il a lanc\u00e9 un nouveau site officiel, particip\u00e9 \u00e0 la seconde \u00e9dition du Black Sabbath Ballet, et soutenu une tombola caritative qui a permis de r\u00e9colter 53 000 \u00a3 pour l\u2019unit\u00e9 de canc\u00e9rologie du Heartlands Hospital, o\u00f9 il avait \u00e9t\u00e9 soign\u00e9 en 2012.<\/p>\n<p>Iommi confirme par ailleurs la sortie de son nouvel album solo en 2026. \u201cJe sortirai d\u00e9finitivement mon album solo cette ann\u00e9e. J\u2019y prends beaucoup de plaisir, et j\u2019esp\u00e8re que vous l\u2019aimerez aussi\u201d, d\u00e9clare-t-il. Il pr\u00e9voit d\u2019en dire plus dans les mois \u00e0 venir.<\/p>\n<p>La vid\u00e9o se conclut sur un message simple et chaleureux : \u201cTr\u00e8s bonne ann\u00e9e \u00e0 tous, prenez soin de vous.\u201d<\/p>\n","protected":false},"excerpt":{"rendered":"Dans une vid\u00e9o publi\u00e9e \u00e0 l\u2019occasion du Nouvel An, Tony Iommi revient sur une ann\u00e9e 2025 marquante, entre&hellip;\n","protected":false},"author":2,"featured_media":635217,"comment_status":"","ping_status":"","sticky":false,"template":"","format":"standard","meta":{"footnotes":""},"categories":[1355],"tags":[58,59,1011,27,1361,873],"class_list":{"0":"post-635216","1":"post","2":"type-post","3":"status-publish","4":"format-standard","5":"has-post-thumbnail","7":"category-musique","8":"tag-divertissement","9":"tag-entertainment","10":"tag-fr","11":"tag-france","12":"tag-music","13":"tag-musique"},"share_on_mastodon":{"url":"https:\/\/pubeurope.com\/@fr\/115822677450156722","error":""},"_links":{"self":[{"href":"https:\/\/www.europesays.com\/fr\/wp-json\/wp\/v2\/posts\/635216","targetHints":{"allow":["GET"]}}],"collection":[{"href":"https:\/\/www.europesays.com\/fr\/wp-json\/wp\/v2\/posts"}],"about":[{"href":"https:\/\/www.europesays.com\/fr\/wp-json\/wp\/v2\/types\/post"}],"author":[{"embeddable":true,"href":"https:\/\/www.europesays.com\/fr\/wp-json\/wp\/v2\/users\/2"}],"replies":[{"embeddable":true,"href":"https:\/\/www.europesays.com\/fr\/wp-json\/wp\/v2\/comments?post=635216"}],"version-history":[{"count":0,"href":"https:\/\/www.europesays.com\/fr\/wp-json\/wp\/v2\/posts\/635216\/revisions"}],"wp:featuredmedia":[{"embeddable":true,"href":"https:\/\/www.europesays.com\/fr\/wp-json\/wp\/v2\/media\/635217"}],"wp:attachment":[{"href":"https:\/\/www.europesays.com\/fr\/wp-json\/wp\/v2\/media?parent=635216"}],"wp:term":[{"taxonomy":"category","embeddable":true,"href":"https:\/\/www.europesays.com\/fr\/wp-json\/wp\/v2\/categories?post=635216"},{"taxonomy":"post_tag","embeddable":true,"href":"https:\/\/www.europesays.com\/fr\/wp-json\/wp\/v2\/tags?post=635216"}],"curies":[{"name":"wp","href":"https:\/\/api.w.org\/{rel}","templated":true}]}}