{"id":635220,"date":"2026-01-02T00:31:09","date_gmt":"2026-01-02T00:31:09","guid":{"rendered":"https:\/\/www.europesays.com\/fr\/635220\/"},"modified":"2026-01-02T00:31:09","modified_gmt":"2026-01-02T00:31:09","slug":"gianni-infantino-veut-recruter-une-legende-de-lac-milan","status":"publish","type":"post","link":"https:\/\/www.europesays.com\/fr\/635220\/","title":{"rendered":"Gianni Infantino veut recruter une l\u00e9gende de l\u2019AC Milan"},"content":{"rendered":"<p>Pour l\u2019ancien dirigeant mythique de l\u2019AC Milan, Adriano Galliani, l\u2019option d\u2019un retour en Lombardie semble d\u00e9sormais \u00e9cart\u00e9e, sauf rebondissement spectaculaire en 2026. Selon Tuttosport, l\u2019ex-administrateur d\u00e9l\u00e9gu\u00e9 des Rossoneri aurait re\u00e7u une proposition du pr\u00e9sident de la FIFA, Gianni Infantino, qui souhaiterait l\u2019avoir \u00e0 ses c\u00f4t\u00e9s dans ses bureaux en Suisse. <\/p>\n<p>            La suite apr\u00e8s cette publicit\u00e9<\/p>\n<p>Pour rappel, Galliani avait r\u00e9affirm\u00e9 son attachement profond au <a href=\"https:\/\/www.footmercato.net\/club\/ac-milan\/\" target=\"_blank\" rel=\"noopener\">Milan<\/a> et \u00e0 Monza : \u00ab le Scudetto au Milan et Monza en Serie A ? Dites-moi o\u00f9 je dois signer et je le fais imm\u00e9diatement. Ce serait fantastique. Ce sont les deux \u00e9quipes de ma vie. \u00bb A voir d\u00e9sormais si ce rapprochement entre Gianni Infantino et Adriano Galliani va se concr\u00e9tiser officiellement dans les prochaines semaines.<\/p>\n<p>\n    Pub. le 01\/01\/2026 23:32<br \/>\n            &#8211; MAJ le 01\/01\/2026 23:36\n    <\/p>\n","protected":false},"excerpt":{"rendered":"Pour l\u2019ancien dirigeant mythique de l\u2019AC Milan, Adriano Galliani, l\u2019option d\u2019un retour en Lombardie semble d\u00e9sormais \u00e9cart\u00e9e, sauf&hellip;\n","protected":false},"author":2,"featured_media":635221,"comment_status":"","ping_status":"","sticky":false,"template":"","format":"standard","meta":{"footnotes":""},"categories":[9],"tags":[1011,27,60],"class_list":{"0":"post-635220","1":"post","2":"type-post","3":"status-publish","4":"format-standard","5":"has-post-thumbnail","7":"category-sports","8":"tag-fr","9":"tag-france","10":"tag-sports"},"share_on_mastodon":{"url":"https:\/\/pubeurope.com\/@fr\/115822689183956463","error":""},"_links":{"self":[{"href":"https:\/\/www.europesays.com\/fr\/wp-json\/wp\/v2\/posts\/635220","targetHints":{"allow":["GET"]}}],"collection":[{"href":"https:\/\/www.europesays.com\/fr\/wp-json\/wp\/v2\/posts"}],"about":[{"href":"https:\/\/www.europesays.com\/fr\/wp-json\/wp\/v2\/types\/post"}],"author":[{"embeddable":true,"href":"https:\/\/www.europesays.com\/fr\/wp-json\/wp\/v2\/users\/2"}],"replies":[{"embeddable":true,"href":"https:\/\/www.europesays.com\/fr\/wp-json\/wp\/v2\/comments?post=635220"}],"version-history":[{"count":0,"href":"https:\/\/www.europesays.com\/fr\/wp-json\/wp\/v2\/posts\/635220\/revisions"}],"wp:featuredmedia":[{"embeddable":true,"href":"https:\/\/www.europesays.com\/fr\/wp-json\/wp\/v2\/media\/635221"}],"wp:attachment":[{"href":"https:\/\/www.europesays.com\/fr\/wp-json\/wp\/v2\/media?parent=635220"}],"wp:term":[{"taxonomy":"category","embeddable":true,"href":"https:\/\/www.europesays.com\/fr\/wp-json\/wp\/v2\/categories?post=635220"},{"taxonomy":"post_tag","embeddable":true,"href":"https:\/\/www.europesays.com\/fr\/wp-json\/wp\/v2\/tags?post=635220"}],"curies":[{"name":"wp","href":"https:\/\/api.w.org\/{rel}","templated":true}]}}